{"id":37750,"date":"2022-12-13T14:12:56","date_gmt":"2022-12-13T13:12:56","guid":{"rendered":"http:\/\/thereportzone.it\/?p=37750"},"modified":"2022-12-13T14:13:07","modified_gmt":"2022-12-13T13:13:07","slug":"campagna-di-sensibilizzazione-contro-luso-improprio-dei-fuochi-dartificio-domani-lincontro-presso-la-scuola-media-di-via-tiglio-a-falciano-del-massico","status":"publish","type":"post","link":"https:\/\/www.thereportzone.it\/?p=37750","title":{"rendered":"Campagna di sensibilizzazione contro l&#8217;uso improprio dei fuochi d&#8217;artificio, domani l&#8217;incontro presso la Scuola Media di via Tiglio a Falciano del Massico"},"content":{"rendered":"\n<div class=\"wp-block-columns is-layout-flex wp-container-core-columns-is-layout-1 wp-block-columns-is-layout-flex\">\n<div class=\"wp-block-column is-layout-flow wp-block-column-is-layout-flow\" style=\"flex-basis:100%\">\n<div class=\"wp-block-group is-layout-flow wp-block-group-is-layout-flow\">\n<figure class=\"wp-block-image aligncenter size-full\"><img fetchpriority=\"high\" decoding=\"async\" width=\"691\" height=\"338\" src=\"http:\/\/thereportzone.it\/wp-content\/uploads\/2022\/07\/nuova-st-justin.png\" alt=\"\" class=\"wp-image-36457\"\/><\/figure>\n<\/div>\n<\/div>\n<\/div>\n\n\n\n<figure class=\"wp-block-image size-full\"><img decoding=\"async\" width=\"1100\" height=\"588\" src=\"http:\/\/thereportzone.it\/wp-content\/uploads\/2022\/11\/nuova-AZIENDA-AGRICOLA-GIOVANNI-TOSCANO.jpg\" alt=\"\" class=\"wp-image-37396\"\/><\/figure>\n\n\n\n<figure class=\"wp-block-image size-full\"><img decoding=\"async\" width=\"998\" height=\"140\" src=\"http:\/\/thereportzone.it\/wp-content\/uploads\/2022\/07\/SodaPDF-converted-quattro-BUONO.jpg\" alt=\"\" class=\"wp-image-36456\"\/><\/figure>\n\n\n\n<p>Il Gruppo Comunale dei Volontari della Protezione Civile organizza, in collaborazione con l&#8217;Assessore alla Pubblica Istruzione Antonietta Rucco, l&#8217;Istituto Scolastico Carinola &#8211; Falciano e i Carabinieri del Nucleo Artificieri di Caserta, &#8220;la Prima Campagna di sensibilizzazione contro l&#8217;uso improprio dei fuochi d&#8217;artificio&#8221;.<\/p>\n\n\n\n<figure class=\"wp-block-image aligncenter size-full is-style-default\"><img loading=\"lazy\" decoding=\"async\" width=\"750\" height=\"937\" src=\"https:\/\/linkwireless.it\/wordpress\/wp-content\/uploads\/2022\/05\/jarama-pizza-allabrace.jpg\" alt=\"\" class=\"wp-image-417\" srcset=\"https:\/\/www.thereportzone.it\/wp-content\/uploads\/2022\/05\/jarama-pizza-allabrace.jpg 750w, https:\/\/www.thereportzone.it\/wp-content\/uploads\/2022\/05\/jarama-pizza-allabrace-240x300.jpg 240w\" sizes=\"(max-width: 750px) 100vw, 750px\" \/><\/figure>\n\n\n\n<p>L&#8217;iniziativa \u00e8 destinata ai ragazzi della Scuola Media e si svolger\u00e0 mercoled\u00ec 14 Dicembre alle ore 10.30 presso l&#8217;Istituto.<\/p>\n\n\n\n<p>&#8220;Riteniamo opportuno &#8211; ha dichiarato il sindaco Ing. Giovanni Erasmo Fava &#8211; mettere a conoscenza i nostri ragazzi dei rischi che un uso improprio possa causare, di come i fuochi d&#8217;artificio possano essere utilizzati in totale sicurezza&#8221;.<\/p>\n\n\n\n<figure class=\"wp-block-image aligncenter size-full\"><img loading=\"lazy\" decoding=\"async\" width=\"1055\" height=\"1600\" src=\"http:\/\/thereportzone.it\/wp-content\/uploads\/2022\/12\/fuochi-dartificio-falciano-del-massico.jpg\" alt=\"\" class=\"wp-image-37751\"\/><\/figure>\n","protected":false},"excerpt":{"rendered":"<p>Il Gruppo Comunale dei Volontari della Protezione Civile organizza, in collaborazione con l&#8217;Assessore alla Pubblica Istruzione Antonietta Rucco,<\/p>\n","protected":false},"author":2,"featured_media":37751,"comment_status":"closed","ping_status":"closed","sticky":false,"template":"","format":"image","meta":{"sfsi_plus_gutenberg_text_before_share":"","sfsi_plus_gutenberg_show_text_before_share":"","sfsi_plus_gutenberg_icon_type":"","sfsi_plus_gutenberg_icon_alignemt":"","sfsi_plus_gutenburg_max_per_row":"","footnotes":""},"categories":[10,4],"tags":[],"class_list":["post-37750","post","type-post","status-publish","format-image","has-post-thumbnail","hentry","category-cultura","category-falciano","post_format-post-format-image"],"_links":{"self":[{"href":"https:\/\/www.thereportzone.it\/index.php?rest_route=\/wp\/v2\/posts\/37750"}],"collection":[{"href":"https:\/\/www.thereportzone.it\/index.php?rest_route=\/wp\/v2\/posts"}],"about":[{"href":"https:\/\/www.thereportzone.it\/index.php?rest_route=\/wp\/v2\/types\/post"}],"author":[{"embeddable":true,"href":"https:\/\/www.thereportzone.it\/index.php?rest_route=\/wp\/v2\/users\/2"}],"replies":[{"embeddable":true,"href":"https:\/\/www.thereportzone.it\/index.php?rest_route=%2Fwp%2Fv2%2Fcomments&post=37750"}],"version-history":[{"count":1,"href":"https:\/\/www.thereportzone.it\/index.php?rest_route=\/wp\/v2\/posts\/37750\/revisions"}],"predecessor-version":[{"id":37752,"href":"https:\/\/www.thereportzone.it\/index.php?rest_route=\/wp\/v2\/posts\/37750\/revisions\/37752"}],"wp:featuredmedia":[{"embeddable":true,"href":"https:\/\/www.thereportzone.it\/index.php?rest_route=\/wp\/v2\/media\/37751"}],"wp:attachment":[{"href":"https:\/\/www.thereportzone.it\/index.php?rest_route=%2Fwp%2Fv2%2Fmedia&parent=37750"}],"wp:term":[{"taxonomy":"category","embeddable":true,"href":"https:\/\/www.thereportzone.it\/index.php?rest_route=%2Fwp%2Fv2%2Fcategories&post=37750"},{"taxonomy":"post_tag","embeddable":true,"href":"https:\/\/www.thereportzone.it\/index.php?rest_route=%2Fwp%2Fv2%2Ftags&post=37750"}],"curies":[{"name":"wp","href":"https:\/\/api.w.org\/{rel}","templated":true}]}}