{"id":3775,"date":"2015-12-03T14:04:39","date_gmt":"2015-12-03T14:04:39","guid":{"rendered":"http:\/\/www.thereportzone.it\/?p=3775"},"modified":"2015-12-03T14:04:39","modified_gmt":"2015-12-03T14:04:39","slug":"marcigliano-pd-assestamento-bilancio-consiglieri-assenti-atto-incontestabile","status":"publish","type":"post","link":"https:\/\/www.thereportzone.it\/?p=3775","title":{"rendered":"Marcigliano (PD): &#8220;Assestamento di bilancio, consiglieri assenti? Atto incontestabile&#8221;"},"content":{"rendered":"<p><strong>3 Dicembre 2015 &#8211; Sessa Aurunca<\/strong>.\u00a0Ciro Marcigliano (PD): \u00abAssestamento di Bilancio, Consiglieri PD non presenti? Atto politico incontestabile!\u00bb\u00a0Il consigliere dem, Ciro Marcigliano, interviene sulle tendenziose illazioni per l\u2019assenza dei componenti il Gruppo PD, durante l\u2019ultima seduta di Consiglio comunale, in cui si \u00e8 approvato l\u2019assestamento del Bilancio.<\/p>\n<div>\u00a0\u201cNon posso condividere l\u2019opinione di chi vuol generalizzare a tutti i costi, accomunando i Consiglieri Democratici, alla raffazzonata maggioranza che ha deliberato sull\u2019assestamento di bilancio\u201d &#8211; esordisce il Consigliere del PD, Ciro Marcigliano &#8211;<\/div>\n<div>\u201cNel merito della questione, non credo ci sia bisogno di aggiungere altro, si \u00e8 gi\u00e0 tanto discusso sul web di come l\u2019Amministrazione Tommasino ha scelto di far quadrare i conti: tagliare pesantemente i servizi essenziali per le fasce deboli, aumentando indennit\u00e0 per Sindaco, Giunta e qualche Capo Settore. Penso proprio che, sull\u2019intero Territorio Aurunco, solo questi ultimi, saranno soddisfatti dalle decisioni di questa maggioranza.<\/div>\n<div>Dopo il voto contrario alle modalit\u00e0 di verifica e recepimento dell\u2019Ordinanza Corte dei Conti, l\u2019assenza del Gruppo PD, alla seduta domenicale che ha approvato l\u2019assestamento &#8211; prosegue Marcigliano &#8211; era stata annunciata in una pec urgente, in quanto la convocazione del Consiglio \u00e8 giunta nella mezzanotte del sabato, comportando una gravissima irregolarit\u00e0: nessuno avrebbe avuto il tempo di studiare e comprendere un carteggio cos\u00ec corposo, con una sola giornata di preavviso.\u201d<\/div>\n<div>\u201cTutto ci\u00f2, nonostante in un\u2019adunanza precedente, a seguito delle rimostranze dell\u2019opposizione, il Presidente Sciarretta, aveva assicurato che preventivamente ad ogni Assemblea, sarebbe stata convocata la Commissione competente e poi, la Capigruppo. A questo punto, l\u2019intento di compiere un vero e proprio blitz, \u00e8 venuto a galla, in maniera evidente: tenere all\u2019oscuro l\u2019opposizione, per disporre a proprio piacimento della cosa pubblica.<\/div>\n<div>In questi di tempi dove prevale l\u2019antipolitica &#8211; conclude il Consigliere dem, Ciro Marcigliano &#8211; sono davvero amareggiato dal sapere che una lecita scelta di dissenso politico, venga accomunata al comportamento proditorio tenuto dal Sindaco Tommasino e dalla sua Giunta, i quali, considerato il difficile momento economico attuale, hanno sentito il bisogno di un\u2019ulteriore gratifica natalizia.\u201d<\/div>\n","protected":false},"excerpt":{"rendered":"<p>3 Dicembre 2015 &#8211; Sessa Aurunca.\u00a0Ciro Marcigliano (PD): \u00abAssestamento di Bilancio, Consiglieri PD non presenti? Atto politico incontestabile!\u00bb\u00a0Il<\/p>\n","protected":false},"author":2,"featured_media":3776,"comment_status":"closed","ping_status":"closed","sticky":false,"template":"","format":"standard","meta":{"sfsi_plus_gutenberg_text_before_share":"","sfsi_plus_gutenberg_show_text_before_share":"","sfsi_plus_gutenberg_icon_type":"","sfsi_plus_gutenberg_icon_alignemt":"","sfsi_plus_gutenburg_max_per_row":"","footnotes":""},"categories":[9],"tags":[4117,3911,4118,3661],"class_list":["post-3775","post","type-post","status-publish","format-standard","has-post-thumbnail","hentry","category-politica","tag-ciro-marcigliano-sessa-aurunca","tag-partito-democratico","tag-pd-sessa-aurunca","tag-politica-sessa-aurunca"],"_links":{"self":[{"href":"https:\/\/www.thereportzone.it\/index.php?rest_route=\/wp\/v2\/posts\/3775"}],"collection":[{"href":"https:\/\/www.thereportzone.it\/index.php?rest_route=\/wp\/v2\/posts"}],"about":[{"href":"https:\/\/www.thereportzone.it\/index.php?rest_route=\/wp\/v2\/types\/post"}],"author":[{"embeddable":true,"href":"https:\/\/www.thereportzone.it\/index.php?rest_route=\/wp\/v2\/users\/2"}],"replies":[{"embeddable":true,"href":"https:\/\/www.thereportzone.it\/index.php?rest_route=%2Fwp%2Fv2%2Fcomments&post=3775"}],"version-history":[{"count":0,"href":"https:\/\/www.thereportzone.it\/index.php?rest_route=\/wp\/v2\/posts\/3775\/revisions"}],"wp:featuredmedia":[{"embeddable":true,"href":"https:\/\/www.thereportzone.it\/index.php?rest_route=\/"}],"wp:attachment":[{"href":"https:\/\/www.thereportzone.it\/index.php?rest_route=%2Fwp%2Fv2%2Fmedia&parent=3775"}],"wp:term":[{"taxonomy":"category","embeddable":true,"href":"https:\/\/www.thereportzone.it\/index.php?rest_route=%2Fwp%2Fv2%2Fcategories&post=3775"},{"taxonomy":"post_tag","embeddable":true,"href":"https:\/\/www.thereportzone.it\/index.php?rest_route=%2Fwp%2Fv2%2Ftags&post=3775"}],"curies":[{"name":"wp","href":"https:\/\/api.w.org\/{rel}","templated":true}]}}