{"id":37703,"date":"2022-12-08T11:32:34","date_gmt":"2022-12-08T10:32:34","guid":{"rendered":"http:\/\/thereportzone.it\/?p=37703"},"modified":"2022-12-08T11:32:50","modified_gmt":"2022-12-08T10:32:50","slug":"carinola-presenta-aria-di-natale-la-seconda-edizione-con-un-calendario-ricco-di-eventi-e-manifestazioni","status":"publish","type":"post","link":"https:\/\/www.thereportzone.it\/?p=37703","title":{"rendered":"CARINOLA PRESENTA \u201cARIA DI NATALE\u201d, LA SECONDA EDIZIONE CON UN CALENDARIO RICCO DI EVENTI E MANIFESTAZIONI"},"content":{"rendered":"\n<div class=\"wp-block-columns is-layout-flex wp-container-core-columns-is-layout-1 wp-block-columns-is-layout-flex\">\n<div class=\"wp-block-column is-layout-flow wp-block-column-is-layout-flow\" style=\"flex-basis:100%\">\n<div class=\"wp-block-group is-layout-flow wp-block-group-is-layout-flow\">\n<figure class=\"wp-block-image aligncenter size-full\"><img fetchpriority=\"high\" decoding=\"async\" width=\"691\" height=\"338\" src=\"http:\/\/thereportzone.it\/wp-content\/uploads\/2022\/07\/nuova-st-justin.png\" alt=\"\" class=\"wp-image-36457\"\/><\/figure>\n<\/div>\n<\/div>\n<\/div>\n\n\n\n<figure class=\"wp-block-image size-full\"><img decoding=\"async\" width=\"1100\" height=\"588\" src=\"http:\/\/thereportzone.it\/wp-content\/uploads\/2022\/11\/nuova-AZIENDA-AGRICOLA-GIOVANNI-TOSCANO.jpg\" alt=\"\" class=\"wp-image-37396\"\/><\/figure>\n\n\n\n<figure class=\"wp-block-image size-full\"><img decoding=\"async\" width=\"998\" height=\"140\" src=\"http:\/\/thereportzone.it\/wp-content\/uploads\/2022\/07\/SodaPDF-converted-quattro-BUONO.jpg\" alt=\"\" class=\"wp-image-36456\"\/><\/figure>\n\n\n\n<p>Un calendario ricco di eventi e manifestazioni quello in procinto di partire a Carinola per tutto il periodo natalizio. Giunge, dunque, alla Seconda Edizione \u201cAria di Natale\u201d, \u00e8 questo il nome che si \u00e8 voluto dare al calendario che, da oggi 8 dicembre, si protrarr\u00e0 fino al 6 gennaio 2023.\u00a0<\/p>\n\n\n\n<figure class=\"wp-block-image aligncenter size-full is-style-default\"><img loading=\"lazy\" decoding=\"async\" width=\"750\" height=\"937\" src=\"https:\/\/linkwireless.it\/wordpress\/wp-content\/uploads\/2022\/05\/jarama-pizza-allabrace.jpg\" alt=\"\" class=\"wp-image-417\" srcset=\"https:\/\/www.thereportzone.it\/wp-content\/uploads\/2022\/05\/jarama-pizza-allabrace.jpg 750w, https:\/\/www.thereportzone.it\/wp-content\/uploads\/2022\/05\/jarama-pizza-allabrace-240x300.jpg 240w\" sizes=\"(max-width: 750px) 100vw, 750px\" \/><\/figure>\n\n\n\n<p>Molte le serate in programma, su tutto il territorio. Mercatini di Natale, concerti, cineforum, convegni, fino ad arrivare al Buchi Buchi. Insomma, un calendario ricco e meticolosamente dettagliato, a cura di molte Associazioni territoriali che tanto si sono e si stanno prodigando per portare nell\u2019intero territorio comunale carinolese la magia del Natale. Associazione U.N.A., ASD A.S.C.I.M.M., Carinola InCanto, Cooperativa Soc. S. Agostino Roscelli onlus, Associazione Culturale Matilde Serao, APS, Pro Loco Carinola, Associazione TangArte, CIF Carinola.<\/p>\n\n\n\n<p>\u201cSono queste le Associazioni grazie alle quali anche quest\u2019anno siamo riusciti a mettere gi\u00f9 un calendario interessante, ricco di eventi per i pi\u00f9 grandi e per i pi\u00f9 piccini. Eventi anche di un certo spessore culturale e sicuramente molto coinvolgenti. Senza queste Associazioni questi eventi non sarebbero stati possibili\u201d. Sono queste le parole della Sindaca Giuseppina Di Biasio che ha voluto precisare, in prima persona, l\u2019impegno e la dedizione messa in campo da ognuna di queste Associazioni.<br><\/p>\n\n\n\n<p>Ai suoi ringraziamenti si affiancano quelli dell\u2019Assessore alla Cultura, Dott.ssa Maria Sorvillo, e del consigliere delegato al Turismo, Rino Di Cresce.<\/p>\n\n\n\n<p>\u201cE\u2019 a tutte queste Associazioni che va il plauso dell\u2019intera Amministrazione comunale. Siamo sicuri che sar\u00e0 un Natale magico, ricco di colori e con momenti importanti\u201d \u2013 hanno dichiarato congiuntamente Sorvillo e Di Cresce, che hanno concluso dicendo: \u201cUn ringraziamento particolare va anche alla Regione Campania che ha giustamente premiato il nostro Comune con un finanziamento POC che siamo riusciti ad ottenere con duro lavoro di programmazione e progettazione\u201d.<\/p>\n\n\n\n<p>Di seguito la locandina con il calendario completo degli eventi.<\/p>\n\n\n\n<figure class=\"wp-block-gallery has-nested-images columns-default is-cropped wp-block-gallery-1 is-layout-flex wp-block-gallery-is-layout-flex\">\n<figure class=\"wp-block-image size-large\"><img loading=\"lazy\" decoding=\"async\" width=\"1120\" height=\"1600\" data-id=\"37704\" src=\"http:\/\/thereportzone.it\/wp-content\/uploads\/2022\/12\/58FDFCB8-A1E3-4E29-BEAE-63438F62B4CD.jpeg\" alt=\"\" class=\"wp-image-37704\"\/><\/figure>\n<\/figure>\n","protected":false},"excerpt":{"rendered":"<p>Un calendario ricco di eventi e manifestazioni quello in procinto di partire a Carinola per tutto il periodo<\/p>\n","protected":false},"author":2,"featured_media":37704,"comment_status":"closed","ping_status":"closed","sticky":false,"template":"","format":"image","meta":{"sfsi_plus_gutenberg_text_before_share":"","sfsi_plus_gutenberg_show_text_before_share":"","sfsi_plus_gutenberg_icon_type":"","sfsi_plus_gutenberg_icon_alignemt":"","sfsi_plus_gutenburg_max_per_row":"","footnotes":""},"categories":[2973,10],"tags":[],"class_list":["post-37703","post","type-post","status-publish","format-image","has-post-thumbnail","hentry","category-carinola","category-cultura","post_format-post-format-image"],"_links":{"self":[{"href":"https:\/\/www.thereportzone.it\/index.php?rest_route=\/wp\/v2\/posts\/37703"}],"collection":[{"href":"https:\/\/www.thereportzone.it\/index.php?rest_route=\/wp\/v2\/posts"}],"about":[{"href":"https:\/\/www.thereportzone.it\/index.php?rest_route=\/wp\/v2\/types\/post"}],"author":[{"embeddable":true,"href":"https:\/\/www.thereportzone.it\/index.php?rest_route=\/wp\/v2\/users\/2"}],"replies":[{"embeddable":true,"href":"https:\/\/www.thereportzone.it\/index.php?rest_route=%2Fwp%2Fv2%2Fcomments&post=37703"}],"version-history":[{"count":1,"href":"https:\/\/www.thereportzone.it\/index.php?rest_route=\/wp\/v2\/posts\/37703\/revisions"}],"predecessor-version":[{"id":37705,"href":"https:\/\/www.thereportzone.it\/index.php?rest_route=\/wp\/v2\/posts\/37703\/revisions\/37705"}],"wp:featuredmedia":[{"embeddable":true,"href":"https:\/\/www.thereportzone.it\/index.php?rest_route=\/wp\/v2\/media\/37704"}],"wp:attachment":[{"href":"https:\/\/www.thereportzone.it\/index.php?rest_route=%2Fwp%2Fv2%2Fmedia&parent=37703"}],"wp:term":[{"taxonomy":"category","embeddable":true,"href":"https:\/\/www.thereportzone.it\/index.php?rest_route=%2Fwp%2Fv2%2Fcategories&post=37703"},{"taxonomy":"post_tag","embeddable":true,"href":"https:\/\/www.thereportzone.it\/index.php?rest_route=%2Fwp%2Fv2%2Ftags&post=37703"}],"curies":[{"name":"wp","href":"https:\/\/api.w.org\/{rel}","templated":true}]}}