{"id":37662,"date":"2022-12-02T16:30:22","date_gmt":"2022-12-02T15:30:22","guid":{"rendered":"http:\/\/thereportzone.it\/?p=37662"},"modified":"2022-12-02T16:30:33","modified_gmt":"2022-12-02T15:30:33","slug":"falciano-il-comune-stipula-il-protocollo-dintesa-con-plastic-free","status":"publish","type":"post","link":"https:\/\/www.thereportzone.it\/?p=37662","title":{"rendered":"FALCIANO &#8211; Il Comune stipula il Protocollo d&#8217;Intesa con Plastic Free"},"content":{"rendered":"\n<div class=\"wp-block-columns is-layout-flex wp-container-core-columns-is-layout-1 wp-block-columns-is-layout-flex\">\n<div class=\"wp-block-column is-layout-flow wp-block-column-is-layout-flow\" style=\"flex-basis:100%\">\n<div class=\"wp-block-group is-layout-flow wp-block-group-is-layout-flow\">\n<figure class=\"wp-block-image aligncenter size-full\"><img fetchpriority=\"high\" decoding=\"async\" width=\"691\" height=\"338\" src=\"http:\/\/thereportzone.it\/wp-content\/uploads\/2022\/07\/nuova-st-justin.png\" alt=\"\" class=\"wp-image-36457\"\/><\/figure>\n<\/div>\n<\/div>\n<\/div>\n\n\n\n<figure class=\"wp-block-image size-full\"><img decoding=\"async\" width=\"1100\" height=\"588\" src=\"http:\/\/thereportzone.it\/wp-content\/uploads\/2022\/11\/nuova-AZIENDA-AGRICOLA-GIOVANNI-TOSCANO.jpg\" alt=\"\" class=\"wp-image-37396\"\/><\/figure>\n\n\n\n<figure class=\"wp-block-image size-full\"><img decoding=\"async\" width=\"998\" height=\"140\" src=\"http:\/\/thereportzone.it\/wp-content\/uploads\/2022\/07\/SodaPDF-converted-quattro-BUONO.jpg\" alt=\"\" class=\"wp-image-36456\"\/><\/figure>\n\n\n\n<p>Il Comune di Falciano del Massico stipula il protocollo d&#8217;intesa con Plastic Free. Un grande giorno per il Comune ai piedi del Monte Massico che, gi\u00e0 in passato, aveva dato cenni positivi alle iniziative intraprese dall&#8217;Associazione Plastic Free che, da anni, si prodiga per portare avanti la giusta causa della pulizia dalle plastiche e del rispetto per l&#8217;ambiente.<\/p>\n\n\n\n<figure class=\"wp-block-image aligncenter size-full is-style-default\"><img loading=\"lazy\" decoding=\"async\" width=\"750\" height=\"937\" src=\"https:\/\/linkwireless.it\/wordpress\/wp-content\/uploads\/2022\/05\/jarama-pizza-allabrace.jpg\" alt=\"\" class=\"wp-image-417\" srcset=\"https:\/\/www.thereportzone.it\/wp-content\/uploads\/2022\/05\/jarama-pizza-allabrace.jpg 750w, https:\/\/www.thereportzone.it\/wp-content\/uploads\/2022\/05\/jarama-pizza-allabrace-240x300.jpg 240w\" sizes=\"(max-width: 750px) 100vw, 750px\" \/><\/figure>\n\n\n\n<p>I referenti Plastic Free di Falciano del Massico, Francesco Torrico e Mirko Leggiero, questa mattina, presso la Sala Consiliare ha incontrato, con una delegazione di volontari, il sindaco Ing. Giovanni Erasmo Fava ed il Consigliere delegato all&#8217;Ecologia, Angelo De Cristofaro in rappresentanza di tutta l&#8217;Amministrazione Comunale, hanno sottoscritto il protocollo.<\/p>\n\n\n\n<p>Gli obiettivi e le finalit\u00e0 sono molte. Fra queste, la semplificazione burocratica fra Comune ed Associazione in virt\u00f9 degli eventi che la stessa Associazione andr\u00e0 a proporre d&#8217;ora in avanti. Inoltre, si va ad instaurare una comunicazione diretta fra le parti, obiettivo comune per la crescita anche morale, in termini di sensibilizzazione alla tutela ambientale, a Falciano del Massico.<\/p>\n\n\n\n<p>Di seguito il PROTOCOLLO D&#8217;INTESA e tutte le foto della stipula di stamattina. <\/p>\n\n\n\n<div data-wp-interactive=\"core\/file\" class=\"wp-block-file\"><object data-wp-bind--hidden=\"!state.hasPdfPreview\"  class=\"wp-block-file__embed\" data=\"http:\/\/thereportzone.it\/wp-content\/uploads\/2022\/12\/Protocollo-dintesa-Comune-di-Falciano-del-Massico-CE.pdf\" type=\"application\/pdf\" style=\"width:100%;height:600px\" aria-label=\"Incorporamento di Protocollo-dintesa-Comune-di-Falciano-del-Massico-CE.\"><\/object><a id=\"wp-block-file--media-296fd4f9-3dd6-46b1-929a-f9c554bb4f65\" href=\"http:\/\/thereportzone.it\/wp-content\/uploads\/2022\/12\/Protocollo-dintesa-Comune-di-Falciano-del-Massico-CE.pdf\">Protocollo-dintesa-Comune-di-Falciano-del-Massico-CE<\/a><a href=\"http:\/\/thereportzone.it\/wp-content\/uploads\/2022\/12\/Protocollo-dintesa-Comune-di-Falciano-del-Massico-CE.pdf\" class=\"wp-block-file__button wp-element-button\" download aria-describedby=\"wp-block-file--media-296fd4f9-3dd6-46b1-929a-f9c554bb4f65\">Download<\/a><\/div>\n\n\n\n<figure class=\"wp-block-image aligncenter size-full\"><img loading=\"lazy\" decoding=\"async\" width=\"1600\" height=\"1200\" src=\"http:\/\/thereportzone.it\/wp-content\/uploads\/2022\/12\/plastic-4.jpg\" alt=\"\" class=\"wp-image-37667\"\/><\/figure>\n\n\n\n<figure class=\"wp-block-image aligncenter size-full\"><img loading=\"lazy\" decoding=\"async\" width=\"1600\" height=\"1200\" src=\"http:\/\/thereportzone.it\/wp-content\/uploads\/2022\/12\/plastic-2.jpg\" alt=\"\" class=\"wp-image-37665\"\/><\/figure>\n\n\n\n<figure class=\"wp-block-image aligncenter size-full\"><img loading=\"lazy\" decoding=\"async\" width=\"1600\" height=\"1200\" src=\"http:\/\/thereportzone.it\/wp-content\/uploads\/2022\/12\/plastic-3.jpg\" alt=\"\" class=\"wp-image-37666\"\/><\/figure>\n\n\n\n<figure class=\"wp-block-image aligncenter size-full\"><img loading=\"lazy\" decoding=\"async\" width=\"1600\" height=\"1200\" src=\"http:\/\/thereportzone.it\/wp-content\/uploads\/2022\/12\/plastic-1.jpg\" alt=\"\" class=\"wp-image-37664\"\/><\/figure>\n","protected":false},"excerpt":{"rendered":"<p>Il Comune di Falciano del Massico stipula il protocollo d&#8217;intesa con Plastic Free. Un grande giorno per il<\/p>\n","protected":false},"author":2,"featured_media":37666,"comment_status":"closed","ping_status":"closed","sticky":false,"template":"","format":"image","meta":{"sfsi_plus_gutenberg_text_before_share":"","sfsi_plus_gutenberg_show_text_before_share":"","sfsi_plus_gutenberg_icon_type":"","sfsi_plus_gutenberg_icon_alignemt":"","sfsi_plus_gutenburg_max_per_row":"","footnotes":""},"categories":[8,4],"tags":[],"class_list":["post-37662","post","type-post","status-publish","format-image","has-post-thumbnail","hentry","category-cronaca","category-falciano","post_format-post-format-image"],"_links":{"self":[{"href":"https:\/\/www.thereportzone.it\/index.php?rest_route=\/wp\/v2\/posts\/37662"}],"collection":[{"href":"https:\/\/www.thereportzone.it\/index.php?rest_route=\/wp\/v2\/posts"}],"about":[{"href":"https:\/\/www.thereportzone.it\/index.php?rest_route=\/wp\/v2\/types\/post"}],"author":[{"embeddable":true,"href":"https:\/\/www.thereportzone.it\/index.php?rest_route=\/wp\/v2\/users\/2"}],"replies":[{"embeddable":true,"href":"https:\/\/www.thereportzone.it\/index.php?rest_route=%2Fwp%2Fv2%2Fcomments&post=37662"}],"version-history":[{"count":2,"href":"https:\/\/www.thereportzone.it\/index.php?rest_route=\/wp\/v2\/posts\/37662\/revisions"}],"predecessor-version":[{"id":37669,"href":"https:\/\/www.thereportzone.it\/index.php?rest_route=\/wp\/v2\/posts\/37662\/revisions\/37669"}],"wp:featuredmedia":[{"embeddable":true,"href":"https:\/\/www.thereportzone.it\/index.php?rest_route=\/wp\/v2\/media\/37666"}],"wp:attachment":[{"href":"https:\/\/www.thereportzone.it\/index.php?rest_route=%2Fwp%2Fv2%2Fmedia&parent=37662"}],"wp:term":[{"taxonomy":"category","embeddable":true,"href":"https:\/\/www.thereportzone.it\/index.php?rest_route=%2Fwp%2Fv2%2Fcategories&post=37662"},{"taxonomy":"post_tag","embeddable":true,"href":"https:\/\/www.thereportzone.it\/index.php?rest_route=%2Fwp%2Fv2%2Ftags&post=37662"}],"curies":[{"name":"wp","href":"https:\/\/api.w.org\/{rel}","templated":true}]}}