{"id":37640,"date":"2022-11-30T20:59:17","date_gmt":"2022-11-30T19:59:17","guid":{"rendered":"http:\/\/thereportzone.it\/?p=37640"},"modified":"2022-11-30T20:59:17","modified_gmt":"2022-11-30T19:59:17","slug":"sessa-convegno-uil-fpl-formazione-e-sanita-alla-presenza-dei-dirigenti-regionali","status":"publish","type":"post","link":"https:\/\/www.thereportzone.it\/?p=37640","title":{"rendered":"Sessa &#8211; Convegno UIL FPL, formazione e sanit\u00e0 alla presenza dei dirigenti regionali"},"content":{"rendered":"\n<div class=\"wp-block-columns is-layout-flex wp-container-core-columns-is-layout-1 wp-block-columns-is-layout-flex\">\n<div class=\"wp-block-column is-layout-flow wp-block-column-is-layout-flow\" style=\"flex-basis:100%\">\n<div class=\"wp-block-group is-layout-flow wp-block-group-is-layout-flow\">\n<figure class=\"wp-block-image aligncenter size-full\"><img fetchpriority=\"high\" decoding=\"async\" width=\"691\" height=\"338\" src=\"http:\/\/thereportzone.it\/wp-content\/uploads\/2022\/07\/nuova-st-justin.png\" alt=\"\" class=\"wp-image-36457\"\/><\/figure>\n<\/div>\n<\/div>\n<\/div>\n\n\n\n<figure class=\"wp-block-image size-full\"><img decoding=\"async\" width=\"1100\" height=\"588\" src=\"http:\/\/thereportzone.it\/wp-content\/uploads\/2022\/11\/nuova-AZIENDA-AGRICOLA-GIOVANNI-TOSCANO.jpg\" alt=\"\" class=\"wp-image-37396\"\/><\/figure>\n\n\n\n<figure class=\"wp-block-image size-full\"><img decoding=\"async\" width=\"998\" height=\"140\" src=\"http:\/\/thereportzone.it\/wp-content\/uploads\/2022\/07\/SodaPDF-converted-quattro-BUONO.jpg\" alt=\"\" class=\"wp-image-36456\"\/><\/figure>\n\n\n\n<p>Giornata di grande interesse per tutti gli iscritti della UIL-FPL che si sono ritrovati, al fine di dare un&#8217; impronta pi\u00f9 netta, a quelle che sono state le novit\u00e0 che hanno interessato il CCNL sanit\u00e0. <\/p>\n\n\n\n<figure class=\"wp-block-image aligncenter size-full is-style-default\"><img loading=\"lazy\" decoding=\"async\" width=\"750\" height=\"937\" src=\"https:\/\/linkwireless.it\/wordpress\/wp-content\/uploads\/2022\/05\/jarama-pizza-allabrace.jpg\" alt=\"\" class=\"wp-image-417\" srcset=\"https:\/\/www.thereportzone.it\/wp-content\/uploads\/2022\/05\/jarama-pizza-allabrace.jpg 750w, https:\/\/www.thereportzone.it\/wp-content\/uploads\/2022\/05\/jarama-pizza-allabrace-240x300.jpg 240w\" sizes=\"(max-width: 750px) 100vw, 750px\" \/><\/figure>\n\n\n\n<p>Un momento di confronto al castello ducale di Sessa Aurunca che per la prima volta ha ospitato un evento formativo di cos\u00ec grande importanza.<\/p>\n\n\n\n<p><br>Saluti del primo cittadino e del presidente del consiglio della Campania Oliviero.<br>Presenti i vertici regionali, il segretario Donati ed il segretario generale regionale Di Donna.<\/p>\n\n\n\n<p><br>Tra gli altri \u00e8 da sottolineare l\u2019intervento del coordinatore provinciale generale Uil Pietro Pettrone che ha voluto rimarcare l&#8217;importanza culturale e storica del nostro territorio, sottolineando l impronta sindacale che \u00e8 presente in esso.<br>Cos\u00ec come recitava il titolo del convegno, sar\u00e0 &#8220;punto di di partenza e non punto di arrivo&#8221;.<\/p>\n\n\n\n<figure class=\"wp-block-image size-full\"><img loading=\"lazy\" decoding=\"async\" width=\"1080\" height=\"511\" src=\"http:\/\/thereportzone.it\/wp-content\/uploads\/2022\/11\/1F364728-90FB-4F3F-9687-7E6576ED3139.jpeg\" alt=\"\" class=\"wp-image-37641\"\/><\/figure>\n","protected":false},"excerpt":{"rendered":"<p>Giornata di grande interesse per tutti gli iscritti della UIL-FPL che si sono ritrovati, al fine di dare<\/p>\n","protected":false},"author":2,"featured_media":37641,"comment_status":"closed","ping_status":"closed","sticky":false,"template":"","format":"image","meta":{"sfsi_plus_gutenberg_text_before_share":"","sfsi_plus_gutenberg_show_text_before_share":"","sfsi_plus_gutenberg_icon_type":"","sfsi_plus_gutenberg_icon_alignemt":"","sfsi_plus_gutenburg_max_per_row":"","footnotes":""},"categories":[6],"tags":[],"class_list":["post-37640","post","type-post","status-publish","format-image","has-post-thumbnail","hentry","category-caserta","post_format-post-format-image"],"_links":{"self":[{"href":"https:\/\/www.thereportzone.it\/index.php?rest_route=\/wp\/v2\/posts\/37640"}],"collection":[{"href":"https:\/\/www.thereportzone.it\/index.php?rest_route=\/wp\/v2\/posts"}],"about":[{"href":"https:\/\/www.thereportzone.it\/index.php?rest_route=\/wp\/v2\/types\/post"}],"author":[{"embeddable":true,"href":"https:\/\/www.thereportzone.it\/index.php?rest_route=\/wp\/v2\/users\/2"}],"replies":[{"embeddable":true,"href":"https:\/\/www.thereportzone.it\/index.php?rest_route=%2Fwp%2Fv2%2Fcomments&post=37640"}],"version-history":[{"count":1,"href":"https:\/\/www.thereportzone.it\/index.php?rest_route=\/wp\/v2\/posts\/37640\/revisions"}],"predecessor-version":[{"id":37642,"href":"https:\/\/www.thereportzone.it\/index.php?rest_route=\/wp\/v2\/posts\/37640\/revisions\/37642"}],"wp:featuredmedia":[{"embeddable":true,"href":"https:\/\/www.thereportzone.it\/index.php?rest_route=\/wp\/v2\/media\/37641"}],"wp:attachment":[{"href":"https:\/\/www.thereportzone.it\/index.php?rest_route=%2Fwp%2Fv2%2Fmedia&parent=37640"}],"wp:term":[{"taxonomy":"category","embeddable":true,"href":"https:\/\/www.thereportzone.it\/index.php?rest_route=%2Fwp%2Fv2%2Fcategories&post=37640"},{"taxonomy":"post_tag","embeddable":true,"href":"https:\/\/www.thereportzone.it\/index.php?rest_route=%2Fwp%2Fv2%2Ftags&post=37640"}],"curies":[{"name":"wp","href":"https:\/\/api.w.org\/{rel}","templated":true}]}}