{"id":37605,"date":"2022-11-26T08:07:26","date_gmt":"2022-11-26T07:07:26","guid":{"rendered":"http:\/\/thereportzone.it\/?p=37605"},"modified":"2022-11-26T08:09:29","modified_gmt":"2022-11-26T07:09:29","slug":"santa-maria-a-vico-santillo-al-convegno-sulle-comunita-energetiche","status":"publish","type":"post","link":"https:\/\/www.thereportzone.it\/?p=37605","title":{"rendered":"Santa Maria a Vico, Santillo al convegno sulle Comunit\u00e0 energetiche"},"content":{"rendered":"\n<div class=\"wp-block-columns is-layout-flex wp-container-core-columns-is-layout-1 wp-block-columns-is-layout-flex\">\n<div class=\"wp-block-column is-layout-flow wp-block-column-is-layout-flow\" style=\"flex-basis:100%\">\n<div class=\"wp-block-group is-layout-flow wp-block-group-is-layout-flow\">\n<figure class=\"wp-block-image aligncenter size-full\"><img fetchpriority=\"high\" decoding=\"async\" width=\"691\" height=\"338\" src=\"http:\/\/thereportzone.it\/wp-content\/uploads\/2022\/07\/nuova-st-justin.png\" alt=\"\" class=\"wp-image-36457\"\/><\/figure>\n<\/div>\n<\/div>\n<\/div>\n\n\n\n<figure class=\"wp-block-image size-full\"><img decoding=\"async\" width=\"1100\" height=\"588\" src=\"http:\/\/thereportzone.it\/wp-content\/uploads\/2022\/11\/nuova-AZIENDA-AGRICOLA-GIOVANNI-TOSCANO.jpg\" alt=\"\" class=\"wp-image-37396\"\/><\/figure>\n\n\n\n<figure class=\"wp-block-image size-full\"><img decoding=\"async\" width=\"998\" height=\"140\" src=\"http:\/\/thereportzone.it\/wp-content\/uploads\/2022\/07\/SodaPDF-converted-quattro-BUONO.jpg\" alt=\"\" class=\"wp-image-36456\"\/><\/figure>\n\n\n\n<p>Il deputato Agostino Santillo, Coordinatore del Comitato per le Infrastrutture e la Mobilit\u00e0 sostenibile del MoVimento 5 Stelle, ha partecipato nel pomeriggio di ieri all&#8217;evento &#8220;Comunit\u00e0 energetiche, Energia ed energie sul territorio&#8221;, a Villa Alba, Santa Maria a Vico.\u00a0<\/p>\n\n\n\n<figure class=\"wp-block-image aligncenter size-full is-style-default\"><img loading=\"lazy\" decoding=\"async\" width=\"750\" height=\"937\" src=\"https:\/\/linkwireless.it\/wordpress\/wp-content\/uploads\/2022\/05\/jarama-pizza-allabrace.jpg\" alt=\"\" class=\"wp-image-417\" srcset=\"https:\/\/www.thereportzone.it\/wp-content\/uploads\/2022\/05\/jarama-pizza-allabrace.jpg 750w, https:\/\/www.thereportzone.it\/wp-content\/uploads\/2022\/05\/jarama-pizza-allabrace-240x300.jpg 240w\" sizes=\"(max-width: 750px) 100vw, 750px\" \/><\/figure>\n\n\n\n<p>&#8220;Continua l&#8217;opera di sensibilizzazione sul territorio &#8211; ha spiegato l&#8217;onorevole Santillo &#8211; sull&#8217;opportunit\u00e0 delle Comunit\u00e0 energetiche, che rappresentano uno dei corollari della transizione ecologica del MoVimento 5 Stelle. <\/p>\n\n\n\n<p>La condivisione dell\u2019energia elettrica prodotta da impianti alimentati con fonti rinnovabili tra pi\u00f9 cittadini, \u00e8 una possibilit\u00e0 straordinaria che ci riconcilia con l&#8217;ambiente ed offre grandi vantaggi di risparmio economico, nell&#8217;era in cui l&#8217;esigenza dell&#8217;indipendenza energetica si fa sempre pi\u00f9 importante.&#8221; Tra i promotori dell&#8217;iniziativa, insieme ai consiglieri comunali Pasquale Crisci, Francesco De Lucia e Igino Nuzzo, il consigliere comunale M5S Cesare Piscitelli: <\/p>\n\n\n\n<p>&#8220;Questo evento &#8211; ha spiegato Piscitelli &#8211; rappresenta l&#8217;inizio di un percorso che si propone di aumentare la consapevolezza sulle nuove scelte necessarie alla transizione ecologica, accrescendo la conoscenza delle possibili soluzioni utili ad affrontare le sfide energetiche che imprese, cittadini e istituzioni si trovano a dover fronteggiare in questo momento critico.&#8221; Al convegno ha preso parte anche il Presidente dell&#8217;ordine dei Biologici Vincenzo D&#8217;Anna.<\/p>\n\n\n\n<p><\/p>\n\n\n\n<p><\/p>\n","protected":false},"excerpt":{"rendered":"<p>Il deputato Agostino Santillo, Coordinatore del Comitato per le Infrastrutture e la Mobilit\u00e0 sostenibile del MoVimento 5 Stelle,<\/p>\n","protected":false},"author":2,"featured_media":37606,"comment_status":"closed","ping_status":"closed","sticky":false,"template":"","format":"image","meta":{"sfsi_plus_gutenberg_text_before_share":"","sfsi_plus_gutenberg_show_text_before_share":"","sfsi_plus_gutenberg_icon_type":"","sfsi_plus_gutenberg_icon_alignemt":"","sfsi_plus_gutenburg_max_per_row":"","footnotes":""},"categories":[9],"tags":[],"class_list":["post-37605","post","type-post","status-publish","format-image","has-post-thumbnail","hentry","category-politica","post_format-post-format-image"],"_links":{"self":[{"href":"https:\/\/www.thereportzone.it\/index.php?rest_route=\/wp\/v2\/posts\/37605"}],"collection":[{"href":"https:\/\/www.thereportzone.it\/index.php?rest_route=\/wp\/v2\/posts"}],"about":[{"href":"https:\/\/www.thereportzone.it\/index.php?rest_route=\/wp\/v2\/types\/post"}],"author":[{"embeddable":true,"href":"https:\/\/www.thereportzone.it\/index.php?rest_route=\/wp\/v2\/users\/2"}],"replies":[{"embeddable":true,"href":"https:\/\/www.thereportzone.it\/index.php?rest_route=%2Fwp%2Fv2%2Fcomments&post=37605"}],"version-history":[{"count":2,"href":"https:\/\/www.thereportzone.it\/index.php?rest_route=\/wp\/v2\/posts\/37605\/revisions"}],"predecessor-version":[{"id":37608,"href":"https:\/\/www.thereportzone.it\/index.php?rest_route=\/wp\/v2\/posts\/37605\/revisions\/37608"}],"wp:featuredmedia":[{"embeddable":true,"href":"https:\/\/www.thereportzone.it\/index.php?rest_route=\/wp\/v2\/media\/37606"}],"wp:attachment":[{"href":"https:\/\/www.thereportzone.it\/index.php?rest_route=%2Fwp%2Fv2%2Fmedia&parent=37605"}],"wp:term":[{"taxonomy":"category","embeddable":true,"href":"https:\/\/www.thereportzone.it\/index.php?rest_route=%2Fwp%2Fv2%2Fcategories&post=37605"},{"taxonomy":"post_tag","embeddable":true,"href":"https:\/\/www.thereportzone.it\/index.php?rest_route=%2Fwp%2Fv2%2Ftags&post=37605"}],"curies":[{"name":"wp","href":"https:\/\/api.w.org\/{rel}","templated":true}]}}