{"id":37525,"date":"2022-11-15T17:10:48","date_gmt":"2022-11-15T16:10:48","guid":{"rendered":"http:\/\/thereportzone.it\/?p=37525"},"modified":"2022-11-15T17:10:57","modified_gmt":"2022-11-15T16:10:57","slug":"forza-italia-caserta-portavoce-dei-valori-di-democrazia-e-liberta","status":"publish","type":"post","link":"https:\/\/www.thereportzone.it\/?p=37525","title":{"rendered":"&#8220;FORZA ITALIA CASERTA PORTAVOCE DEI VALORI DI DEMOCRAZIA E LIBERTA\u2019 \u201d"},"content":{"rendered":"\n<div class=\"wp-block-columns is-layout-flex wp-container-core-columns-is-layout-1 wp-block-columns-is-layout-flex\">\n<div class=\"wp-block-column is-layout-flow wp-block-column-is-layout-flow\" style=\"flex-basis:100%\">\n<div class=\"wp-block-group is-layout-flow wp-block-group-is-layout-flow\">\n<figure class=\"wp-block-image aligncenter size-full\"><img fetchpriority=\"high\" decoding=\"async\" width=\"691\" height=\"338\" src=\"http:\/\/thereportzone.it\/wp-content\/uploads\/2022\/07\/nuova-st-justin.png\" alt=\"\" class=\"wp-image-36457\"\/><\/figure>\n<\/div>\n<\/div>\n<\/div>\n\n\n\n<figure class=\"wp-block-image size-full\"><img decoding=\"async\" width=\"1100\" height=\"588\" src=\"http:\/\/thereportzone.it\/wp-content\/uploads\/2022\/11\/nuova-AZIENDA-AGRICOLA-GIOVANNI-TOSCANO.jpg\" alt=\"\" class=\"wp-image-37396\"\/><\/figure>\n\n\n\n<figure class=\"wp-block-image size-full\"><img decoding=\"async\" width=\"998\" height=\"140\" src=\"http:\/\/thereportzone.it\/wp-content\/uploads\/2022\/07\/SodaPDF-converted-quattro-BUONO.jpg\" alt=\"\" class=\"wp-image-36456\"\/><\/figure>\n\n\n\n<p class=\"has-text-align-center\"><strong><em>\u201cImpegno e passione per la politica dovranno contraddistinguere l\u2019operato di Forza Italia Caserta\u201d, queste le dichiarazioni del Vice Coordinatore Provinciale Antonio Mallardo (Consigliere Comunale di San Gregorio Matese) a seguito dell\u2019Assemblea Provinciale del Partito.<\/em><\/strong><\/p>\n\n\n\n<p>\u00a0Il Vice Coordinatore Azzurro auspica inoltre: \u201cConclusi i lavori dell\u2019Assemblea Provinciale Casertana di Forza Italia, che ha visto l\u2019apertura al dialogo ed alla discussione interna sui veri temi d\u2019interesse della politica con la \u201cP\u201d maiuscola: TERRITORIO, INCLUSIONE, DEMOCRAZIA, SUSSIDIARIETA\u2019, GIOVANI, da oggi sar\u00e0 compito del partito in Terra di Lavoro iniziare un percorso, cos\u00ec come dichiarato anche dal Coordinatore Regionale On. Fulvio Martusciello, che permetta a Forza Italia ed a tutto il Centro Destra di divenire forza di governo anche in Regione Campania. <\/p>\n\n\n\n<figure class=\"wp-block-image aligncenter size-full is-style-default\"><img loading=\"lazy\" decoding=\"async\" width=\"750\" height=\"937\" src=\"https:\/\/linkwireless.it\/wordpress\/wp-content\/uploads\/2022\/05\/jarama-pizza-allabrace.jpg\" alt=\"\" class=\"wp-image-417\" srcset=\"https:\/\/www.thereportzone.it\/wp-content\/uploads\/2022\/05\/jarama-pizza-allabrace.jpg 750w, https:\/\/www.thereportzone.it\/wp-content\/uploads\/2022\/05\/jarama-pizza-allabrace-240x300.jpg 240w\" sizes=\"(max-width: 750px) 100vw, 750px\" \/><\/figure>\n\n\n\n<p>Sar\u00e0 grazie all\u2019impegno ed alla dedizione verso una politica concreta e pi\u00f9 vicina ai cittadini ed alle problematiche tangibili che attanagliano la societ\u00e0 che, il partito di Forza Italia ed i suoi rappresentanti in tutte le istituzioni elettive, riusciranno a liberare l\u2019amministrazione della Regione Campania da questa Sinistra divisa ed in continua fase discendente. <\/p>\n\n\n\n<p>Sar\u00e0 compito del Coordinamento Provinciale, guidato dall\u2019instancabile Giuseppe Guida, Sindaco di Arienzo, quello di far nascere una vera e propria comunit\u00e0 politica, inclusiva e mai divisiva, che raccolga, in ognuno dei 104 comuni della provincia di Caserta (attivit\u00e0 iniziata e gi\u00e0 a buon punto), \u00a0coloro i quali ricerchino nella politica quei valori e principi rappresentati dalla democrazia e dalla libert\u00e0, che da sempre caratterizzano la Forza Italia del Presidente Berlusconi ed il Partito Popolare Europeo.<\/p>\n\n\n\n<p><\/p>\n","protected":false},"excerpt":{"rendered":"<p>\u201cImpegno e passione per la politica dovranno contraddistinguere l\u2019operato di Forza Italia Caserta\u201d, queste le dichiarazioni del Vice<\/p>\n","protected":false},"author":2,"featured_media":37526,"comment_status":"closed","ping_status":"closed","sticky":false,"template":"","format":"image","meta":{"sfsi_plus_gutenberg_text_before_share":"","sfsi_plus_gutenberg_show_text_before_share":"","sfsi_plus_gutenberg_icon_type":"","sfsi_plus_gutenberg_icon_alignemt":"","sfsi_plus_gutenburg_max_per_row":"","footnotes":""},"categories":[6,9],"tags":[],"class_list":["post-37525","post","type-post","status-publish","format-image","has-post-thumbnail","hentry","category-caserta","category-politica","post_format-post-format-image"],"_links":{"self":[{"href":"https:\/\/www.thereportzone.it\/index.php?rest_route=\/wp\/v2\/posts\/37525"}],"collection":[{"href":"https:\/\/www.thereportzone.it\/index.php?rest_route=\/wp\/v2\/posts"}],"about":[{"href":"https:\/\/www.thereportzone.it\/index.php?rest_route=\/wp\/v2\/types\/post"}],"author":[{"embeddable":true,"href":"https:\/\/www.thereportzone.it\/index.php?rest_route=\/wp\/v2\/users\/2"}],"replies":[{"embeddable":true,"href":"https:\/\/www.thereportzone.it\/index.php?rest_route=%2Fwp%2Fv2%2Fcomments&post=37525"}],"version-history":[{"count":1,"href":"https:\/\/www.thereportzone.it\/index.php?rest_route=\/wp\/v2\/posts\/37525\/revisions"}],"predecessor-version":[{"id":37527,"href":"https:\/\/www.thereportzone.it\/index.php?rest_route=\/wp\/v2\/posts\/37525\/revisions\/37527"}],"wp:featuredmedia":[{"embeddable":true,"href":"https:\/\/www.thereportzone.it\/index.php?rest_route=\/wp\/v2\/media\/37526"}],"wp:attachment":[{"href":"https:\/\/www.thereportzone.it\/index.php?rest_route=%2Fwp%2Fv2%2Fmedia&parent=37525"}],"wp:term":[{"taxonomy":"category","embeddable":true,"href":"https:\/\/www.thereportzone.it\/index.php?rest_route=%2Fwp%2Fv2%2Fcategories&post=37525"},{"taxonomy":"post_tag","embeddable":true,"href":"https:\/\/www.thereportzone.it\/index.php?rest_route=%2Fwp%2Fv2%2Ftags&post=37525"}],"curies":[{"name":"wp","href":"https:\/\/api.w.org\/{rel}","templated":true}]}}