{"id":37501,"date":"2022-11-10T10:21:55","date_gmt":"2022-11-10T09:21:55","guid":{"rendered":"http:\/\/thereportzone.it\/?p=37501"},"modified":"2022-11-10T10:22:10","modified_gmt":"2022-11-10T09:22:10","slug":"mondragone-il-recupero-della-piazza-la-nota-di-fratelli-ditalia-a-sindaco-e-comune","status":"publish","type":"post","link":"https:\/\/www.thereportzone.it\/?p=37501","title":{"rendered":"MONDRAGONE &#8211; &#8220;Il recupero della Piazza&#8221;, la nota di Fratelli d&#8217;Italia a Sindaco e Comune"},"content":{"rendered":"\n<div class=\"wp-block-columns is-layout-flex wp-container-core-columns-is-layout-1 wp-block-columns-is-layout-flex\">\n<div class=\"wp-block-column is-layout-flow wp-block-column-is-layout-flow\" style=\"flex-basis:100%\">\n<div class=\"wp-block-group is-layout-flow wp-block-group-is-layout-flow\">\n<figure class=\"wp-block-image aligncenter size-full\"><img fetchpriority=\"high\" decoding=\"async\" width=\"691\" height=\"338\" src=\"http:\/\/thereportzone.it\/wp-content\/uploads\/2022\/07\/nuova-st-justin.png\" alt=\"\" class=\"wp-image-36457\"\/><\/figure>\n<\/div>\n<\/div>\n<\/div>\n\n\n\n<figure class=\"wp-block-image size-full\"><img decoding=\"async\" width=\"1100\" height=\"588\" src=\"http:\/\/thereportzone.it\/wp-content\/uploads\/2022\/11\/nuova-AZIENDA-AGRICOLA-GIOVANNI-TOSCANO.jpg\" alt=\"\" class=\"wp-image-37396\"\/><\/figure>\n\n\n\n<figure class=\"wp-block-image size-full\"><img decoding=\"async\" width=\"998\" height=\"140\" src=\"http:\/\/thereportzone.it\/wp-content\/uploads\/2022\/07\/SodaPDF-converted-quattro-BUONO.jpg\" alt=\"\" class=\"wp-image-36456\"\/><\/figure>\n\n\n\n<p class=\"has-text-align-right\">Sindaco pro-tempore<br>Francesco Lavanga<br>c\/o il Comune di Mondragone<\/p>\n\n\n\n<p>Oggetto: IL RECUPERO DELLA \u201cPIAZZA\u201d<\/p>\n\n\n\n<p>Il Centro Storico, contenente gran parte del nostro patrimonio artistico, architettonico e religioso, nella nostra realt\u00e0 e all&#8217;interno del nostro paese mostra uno stato di semi-abbandono e appare totalmente distaccato dai nuovi bisogni dei singoli cittadini e dell\u2019intera popolazione. Oramai vi \u00e8 quasi un&#8217;indifferenza mista a rassegnazione nel passare all&#8217;interno del proprio centro cittadino, Piazza Umberto I, e vedere case e palazzi storici fatiscenti e pericolanti, vie sempre bagnate da perdite d\u2019acqua eterne, erba \u201dspontanea\u201d cresciuta rigogliosamente su ogni perimetro delle abitazioni poste in essere e ci\u00f2 che comunemente chiamiamo strade, impreziosite da mucchi di immondizia lungo i lati delle stesse. <\/p>\n\n\n\n<figure class=\"wp-block-image aligncenter size-full is-style-default\"><img loading=\"lazy\" decoding=\"async\" width=\"750\" height=\"937\" src=\"https:\/\/linkwireless.it\/wordpress\/wp-content\/uploads\/2022\/05\/jarama-pizza-allabrace.jpg\" alt=\"\" class=\"wp-image-417\" srcset=\"https:\/\/www.thereportzone.it\/wp-content\/uploads\/2022\/05\/jarama-pizza-allabrace.jpg 750w, https:\/\/www.thereportzone.it\/wp-content\/uploads\/2022\/05\/jarama-pizza-allabrace-240x300.jpg 240w\" sizes=\"(max-width: 750px) 100vw, 750px\" \/><\/figure>\n\n\n\n<p>La desolazione dovuta a mancanza di vitalit\u00e0 e attivit\u00e0 commerciali la fa da padrona ed ormai i cittadini non considerano pi\u00f9 il cuore del paese degno di una passeggiata a piedi. In ragion di ci\u00f2 l\u2019obiettivo che si propone il gruppo Fratelli D\u2019Italia \u00e8 il recupero, la salvaguardia e la tutela del nucleo storico di Mondragone, ritenuto elemento fondamentale non solo per la conservazione ma anche per la valorizzazione dell&#8217;intero patrimonio culturale, sociale ed economico del nostro territorio.<br><\/p>\n\n\n\n<p>In tale direzione un primo intervento potrebbe essere quello di occuparsi di individuare le ristrutturazioni per rendere le strutture sicure funzionali e fruibili. Contemporaneamente dovrebbe prevedersi l\u2019attuazione di un serio processo di urbanizzazione e sviluppo commerciale, creare sistemi di raccolta dei rifiuti efficienti e quotidiani e aree pedonali necessarie per immergersi nelle bellezze della \u201cPiazza\u201d, il nostro centro storico. Riportare gli uffici comunali negli edifici storici di Piazza Umberto I \u00e8 obbligo ed \u00e8 assolutamente fondamentale al fine della ripresa socio-economica della zona. \u201cPalazzo Manna\u201d risulta essere pronto e deve aprire quanto prima le porte delle sue stanze agli uffici comunali pi\u00f9 vissuti dal popolo, come i \u201cServizi sociali\u201d, \u201cUfficio Tributi\u201d, \u201cUfficio Scuola\u201d; l\u2019utenza \u00e8 corposa ed andare in Piazza per risolvere un problema e passare per un saluto alla nostra Maria SS Incaldana ha un altro sapore rispetto all\u2019attuale sito che ospita tali uffici. Dopo aver restituito dignit\u00e0 e bellezza al cuore antico della Citt\u00e0, siamo convinti che \u00e8 necessario favorire la presenza di uffici comunali nella centralissima piazza o in prossimit\u00e0 della stessa.<\/p>\n\n\n\n<p>La questione parcheggi va assolutamente affrontata e seriamente va messa in cantiere ma nel frattempo<br>potenziare l\u2019inesistente servizio pubblico di trasporto che dalle vie e arterie principali del paese porta anche a passare per il centro del paese \u00e8 imprescindibile al fine ultimo del progetto.<br><\/p>\n\n\n\n<p>Il Centro Storico ha subito un declino crescente negli anni e chi ci abita e lo frequenta ha assistito all\u2019agonia straziante del cuore di Mondragone, un Centro storico che ha pagato un prezzo molto alto in termini anzitutto sociali con la delocalizzazione del mercato domenicale. Posto che risulta difficile (ma non impossibile visto che non vi \u00e8 nessuna legge che vieta lo svolgimento dei mercati nei Centri Storici di Citt\u00e0 e Paesi) pensare ad un \u201cRITORNO\u201d del mercato in Corso Umberto I , un obiettivo potrebbe e dovr\u00e0 essere quello di incentivare la realizzazione di nuove attivit\u00e0 legate alle tradizioni dei territori; risulta quasi superfluo sottolineare l&#8217;importanza per le economie locali di avere un centro storico pieno di vita che porti benessere all&#8217;intera cittadinanza e a tal proposito il nostro progetto si proietta verso la<br>nascita di mercatini rionali in cui l\u2019elemento di assoluta priorit\u00e0 dovr\u00e0 essere il prodotto nostrano e l\u2019artigianato dei nostri maestri mondragonesi.<br><\/p>\n\n\n\n<p>Su quest&#8217;ultimo punto \u00e8 fondamentale strutturare la ripresa del centro storico, inteso come Via Campanile, Via Elena, Piazza San Francesco, Via Iolanda, Via Sementini, Corso Umberto I, Via Vittorio Emanuele ed ovviamente Piazza Umberto I, attenzionando la nascita di nuove realt\u00e0 economiche e prevedendo dei prestiti agevolati e degli incentivi (come l\u2019esenzione quinquennale del pagamento dei tributi locali) per coloro i quali decidano di aprire un&#8217;attivit\u00e0 commerciale legata alla promozione del territorio, delle sue tradizioni e delle sue tipicit\u00e0.<br><\/p>\n\n\n\n<p>Bene la rimozione della FONTANA posta al CENTRO della PIAZZA che ormai ha disorientato e non poco i<br>cittadini per design, per incuria e non funzionamento, bene sapere anche che l\u2019operazione sar\u00e0 seguita<br>attentamente, spalancando gli occhi curiosi sulla successiva sistemazione della stessa che a ragion veduta, non dovr\u00e0 \u201csparire\u201d come accaduto per tanti arredamenti urbani e non (vedi legno ed altro ricavato dallo<br>smantellamento approdo pescatori), ma allocata presso altra piazza o luogo cittadino anche perch\u00e9 trattasi di investimento di soldi pubblici e per \u201cPUBBLICI\u201d intendo soldi degli utenti mondragonesi.<br>E\u2019 da qui che si riparte caro Sindaco. E se finora non se n\u2019\u00e8 reso conto (probabilmente da Vicesindaco non si aveva la stessa visione della citt\u00e0), ora non pu\u00f2 pi\u00f9 esimersi E\u2019 arrivato il momento: adesso \u00e8 ora di defibrillare il cuore del paese, zona in cui da tutto parte e tutto ritorna.<\/p>\n\n\n\n<p class=\"has-text-align-right\">Fratelli d\u2019Italia<\/p>\n\n\n\n<p class=\"has-text-align-right\">Coordinamento cittadino Mondragone<\/p>\n","protected":false},"excerpt":{"rendered":"<p>Sindaco pro-temporeFrancesco Lavangac\/o il Comune di Mondragone Oggetto: IL RECUPERO DELLA \u201cPIAZZA\u201d Il Centro Storico, contenente gran parte<\/p>\n","protected":false},"author":2,"featured_media":37502,"comment_status":"closed","ping_status":"closed","sticky":false,"template":"","format":"image","meta":{"sfsi_plus_gutenberg_text_before_share":"","sfsi_plus_gutenberg_show_text_before_share":"","sfsi_plus_gutenberg_icon_type":"","sfsi_plus_gutenberg_icon_alignemt":"","sfsi_plus_gutenburg_max_per_row":"","footnotes":""},"categories":[5,9],"tags":[],"class_list":["post-37501","post","type-post","status-publish","format-image","has-post-thumbnail","hentry","category-mondragone","category-politica","post_format-post-format-image"],"_links":{"self":[{"href":"https:\/\/www.thereportzone.it\/index.php?rest_route=\/wp\/v2\/posts\/37501"}],"collection":[{"href":"https:\/\/www.thereportzone.it\/index.php?rest_route=\/wp\/v2\/posts"}],"about":[{"href":"https:\/\/www.thereportzone.it\/index.php?rest_route=\/wp\/v2\/types\/post"}],"author":[{"embeddable":true,"href":"https:\/\/www.thereportzone.it\/index.php?rest_route=\/wp\/v2\/users\/2"}],"replies":[{"embeddable":true,"href":"https:\/\/www.thereportzone.it\/index.php?rest_route=%2Fwp%2Fv2%2Fcomments&post=37501"}],"version-history":[{"count":1,"href":"https:\/\/www.thereportzone.it\/index.php?rest_route=\/wp\/v2\/posts\/37501\/revisions"}],"predecessor-version":[{"id":37503,"href":"https:\/\/www.thereportzone.it\/index.php?rest_route=\/wp\/v2\/posts\/37501\/revisions\/37503"}],"wp:featuredmedia":[{"embeddable":true,"href":"https:\/\/www.thereportzone.it\/index.php?rest_route=\/wp\/v2\/media\/37502"}],"wp:attachment":[{"href":"https:\/\/www.thereportzone.it\/index.php?rest_route=%2Fwp%2Fv2%2Fmedia&parent=37501"}],"wp:term":[{"taxonomy":"category","embeddable":true,"href":"https:\/\/www.thereportzone.it\/index.php?rest_route=%2Fwp%2Fv2%2Fcategories&post=37501"},{"taxonomy":"post_tag","embeddable":true,"href":"https:\/\/www.thereportzone.it\/index.php?rest_route=%2Fwp%2Fv2%2Ftags&post=37501"}],"curies":[{"name":"wp","href":"https:\/\/api.w.org\/{rel}","templated":true}]}}