{"id":37312,"date":"2022-10-19T14:53:48","date_gmt":"2022-10-19T12:53:48","guid":{"rendered":"http:\/\/thereportzone.it\/?p=37312"},"modified":"2022-10-19T14:54:03","modified_gmt":"2022-10-19T12:54:03","slug":"sversamenti-abusivi-o-non-conformi-al-calendario-di-raccolta-la-municipale-individua-i-responsabili","status":"publish","type":"post","link":"https:\/\/www.thereportzone.it\/?p=37312","title":{"rendered":"Sversamenti abusivi o non conformi al calendario di raccolta, la municipale individua i responsabili"},"content":{"rendered":"\n<div class=\"wp-block-columns is-layout-flex wp-container-core-columns-is-layout-1 wp-block-columns-is-layout-flex\">\n<div class=\"wp-block-column is-layout-flow wp-block-column-is-layout-flow\" style=\"flex-basis:100%\">\n<div class=\"wp-block-group is-layout-flow wp-block-group-is-layout-flow\">\n<figure class=\"wp-block-image aligncenter size-full\"><img fetchpriority=\"high\" decoding=\"async\" width=\"691\" height=\"338\" src=\"http:\/\/thereportzone.it\/wp-content\/uploads\/2022\/07\/nuova-st-justin.png\" alt=\"\" class=\"wp-image-36457\"\/><\/figure>\n<\/div>\n<\/div>\n<\/div>\n\n\n\n<figure class=\"wp-block-image size-full\"><img decoding=\"async\" width=\"998\" height=\"140\" src=\"http:\/\/thereportzone.it\/wp-content\/uploads\/2022\/07\/SodaPDF-converted-quattro-BUONO.jpg\" alt=\"\" class=\"wp-image-36456\"\/><\/figure>\n\n\n\n<p class=\"has-text-align-center\"><strong><em>Sversamenti abusivi o non conformi al calendario di raccolta, la municipale individua i responsabili. L\u2019assessore Ambrosca: il potenziamento del sistema di sorveglianza ha dato i suoi frutti<\/em><\/strong><\/p>\n\n\n\n<p>\u00abIl potenziamento del sistema di sorveglianza con le nuove telecamere e il drone ha cominciato a dare i propri frutti. Negli ultimi giorni il comandante della polizia municipale di Maio e il suo vice dott. Capezzuto hanno individuato gli autori di sversamenti abusivi o, comunque, di deposito di rifiuti non conforme a quello che \u00e8 il calendario della raccolta differenziata. <\/p>\n\n\n\n<figure class=\"wp-block-image aligncenter size-full is-style-default\"><img decoding=\"async\" width=\"750\" height=\"937\" src=\"https:\/\/linkwireless.it\/wordpress\/wp-content\/uploads\/2022\/05\/jarama-pizza-allabrace.jpg\" alt=\"\" class=\"wp-image-417\" srcset=\"https:\/\/www.thereportzone.it\/wp-content\/uploads\/2022\/05\/jarama-pizza-allabrace.jpg 750w, https:\/\/www.thereportzone.it\/wp-content\/uploads\/2022\/05\/jarama-pizza-allabrace-240x300.jpg 240w\" sizes=\"(max-width: 750px) 100vw, 750px\" \/><\/figure>\n\n\n\n<p>A loro vanno i complimenti di tutta l\u2019amministrazione per essere riusciti da subito a sfruttare al meglio le nuove tecnologie che abbiamo fornito al comando aiutandoci a garantire il rispetto della raccolta differenziata. Va evidenziato che Cancello ed Arnone \u00e8 uno dei Comuni con la percentuale di raccolta differenziata pi\u00f9 alti della provincia di Caserta con il suo 80% che ci \u00e8 valso da Legambiente il titolo di Comune riciclone. <\/p>\n\n\n\n<p>La macchina organizzativa che siamo riusciti a mettere in campo, assieme al senso di responsabilit\u00e0 dei cittadini ci ha permesso di raggiungere questo invidiabile traguardo\u00bb. A dichiararlo \u00e8 l\u2019assessore all\u2019Ambiente del Comune di Cancello ed Arnone Gaetano Ambrosca.<\/p>\n\n\n\n<p><\/p>\n","protected":false},"excerpt":{"rendered":"<p>Sversamenti abusivi o non conformi al calendario di raccolta, la municipale individua i responsabili. L\u2019assessore Ambrosca: il potenziamento<\/p>\n","protected":false},"author":2,"featured_media":37313,"comment_status":"closed","ping_status":"closed","sticky":false,"template":"","format":"image","meta":{"sfsi_plus_gutenberg_text_before_share":"","sfsi_plus_gutenberg_show_text_before_share":"","sfsi_plus_gutenberg_icon_type":"","sfsi_plus_gutenberg_icon_alignemt":"","sfsi_plus_gutenburg_max_per_row":"","footnotes":""},"categories":[8],"tags":[],"class_list":["post-37312","post","type-post","status-publish","format-image","has-post-thumbnail","hentry","category-cronaca","post_format-post-format-image"],"_links":{"self":[{"href":"https:\/\/www.thereportzone.it\/index.php?rest_route=\/wp\/v2\/posts\/37312"}],"collection":[{"href":"https:\/\/www.thereportzone.it\/index.php?rest_route=\/wp\/v2\/posts"}],"about":[{"href":"https:\/\/www.thereportzone.it\/index.php?rest_route=\/wp\/v2\/types\/post"}],"author":[{"embeddable":true,"href":"https:\/\/www.thereportzone.it\/index.php?rest_route=\/wp\/v2\/users\/2"}],"replies":[{"embeddable":true,"href":"https:\/\/www.thereportzone.it\/index.php?rest_route=%2Fwp%2Fv2%2Fcomments&post=37312"}],"version-history":[{"count":1,"href":"https:\/\/www.thereportzone.it\/index.php?rest_route=\/wp\/v2\/posts\/37312\/revisions"}],"predecessor-version":[{"id":37314,"href":"https:\/\/www.thereportzone.it\/index.php?rest_route=\/wp\/v2\/posts\/37312\/revisions\/37314"}],"wp:featuredmedia":[{"embeddable":true,"href":"https:\/\/www.thereportzone.it\/index.php?rest_route=\/wp\/v2\/media\/37313"}],"wp:attachment":[{"href":"https:\/\/www.thereportzone.it\/index.php?rest_route=%2Fwp%2Fv2%2Fmedia&parent=37312"}],"wp:term":[{"taxonomy":"category","embeddable":true,"href":"https:\/\/www.thereportzone.it\/index.php?rest_route=%2Fwp%2Fv2%2Fcategories&post=37312"},{"taxonomy":"post_tag","embeddable":true,"href":"https:\/\/www.thereportzone.it\/index.php?rest_route=%2Fwp%2Fv2%2Ftags&post=37312"}],"curies":[{"name":"wp","href":"https:\/\/api.w.org\/{rel}","templated":true}]}}