{"id":37256,"date":"2022-10-13T15:19:32","date_gmt":"2022-10-13T13:19:32","guid":{"rendered":"http:\/\/thereportzone.it\/?p=37256"},"modified":"2022-10-13T15:19:39","modified_gmt":"2022-10-13T13:19:39","slug":"cancello-arnone-parte-la-distribuzione-dei-sacchetti-dellumido-ecco-come-ritirarli","status":"publish","type":"post","link":"https:\/\/www.thereportzone.it\/?p=37256","title":{"rendered":"CANCELLO ARNONE &#8211; Parte la distribuzione dei sacchetti dell\u2019umido, ecco come ritirarli"},"content":{"rendered":"\n<div class=\"wp-block-columns is-layout-flex wp-container-core-columns-is-layout-1 wp-block-columns-is-layout-flex\">\n<div class=\"wp-block-column is-layout-flow wp-block-column-is-layout-flow\" style=\"flex-basis:100%\">\n<div class=\"wp-block-group is-layout-flow wp-block-group-is-layout-flow\">\n<figure class=\"wp-block-image aligncenter size-full\"><img fetchpriority=\"high\" decoding=\"async\" width=\"691\" height=\"338\" src=\"http:\/\/thereportzone.it\/wp-content\/uploads\/2022\/07\/nuova-st-justin.png\" alt=\"\" class=\"wp-image-36457\"\/><\/figure>\n<\/div>\n<\/div>\n<\/div>\n\n\n\n<figure class=\"wp-block-image size-full\"><img decoding=\"async\" width=\"998\" height=\"140\" src=\"http:\/\/thereportzone.it\/wp-content\/uploads\/2022\/07\/SodaPDF-converted-quattro-BUONO.jpg\" alt=\"\" class=\"wp-image-36456\"\/><\/figure>\n\n\n\n<p>Partir\u00e0 da luned\u00ec 17 ottobre la distribuzione dei sacchetti per la frazione umida della raccolta differenziata. Lo rende noto l\u2019assessore all\u2019Ambiente Gaetano Ambrosca. <\/p>\n\n\n\n<figure class=\"wp-block-image aligncenter size-full is-style-default\"><img decoding=\"async\" width=\"750\" height=\"937\" src=\"https:\/\/linkwireless.it\/wordpress\/wp-content\/uploads\/2022\/05\/jarama-pizza-allabrace.jpg\" alt=\"\" class=\"wp-image-417\" srcset=\"https:\/\/www.thereportzone.it\/wp-content\/uploads\/2022\/05\/jarama-pizza-allabrace.jpg 750w, https:\/\/www.thereportzone.it\/wp-content\/uploads\/2022\/05\/jarama-pizza-allabrace-240x300.jpg 240w\" sizes=\"(max-width: 750px) 100vw, 750px\" \/><\/figure>\n\n\n\n<p>\u00abTutti i cittadini potranno recarsi dal luned\u00ec al venerd\u00ec dalle 9 alle 13 e il marted\u00ec e il gioved\u00ec anche dalle 15,30 alle 17 presso il comando della polizia municipale per ritirare il loro kit \u2013 ha sottolineato l\u2019assessore \u2013 i sacchetti saranno consegnati agli intestatari della Tari o ai loro delegati che, per\u00f2, dovranno esibire apposita delega. Invitiamo tutti i cittadini, cos\u00ec come hanno sempre fatto in questi anni, a ritirare i propri sacchetti in modo da contribuire anche con questo gesto alla buona riuscita della raccolta differenziata. <\/p>\n\n\n\n<p>Come comune siamo riusciti ad ottenere grandi risultati in questo ambito grazie all\u2019organizzazione capillare che abbiamo messo in campo. Cancello ed Arnone si attesta stabilmente sull\u201980% di raccolta differenziata, percentuale che ci ha permesso anche di ricevere il titolo di Comune riciclone da parte di Legambiente\u00bb.<\/p>\n","protected":false},"excerpt":{"rendered":"<p>Partir\u00e0 da luned\u00ec 17 ottobre la distribuzione dei sacchetti per la frazione umida della raccolta differenziata. Lo rende<\/p>\n","protected":false},"author":2,"featured_media":37257,"comment_status":"closed","ping_status":"closed","sticky":false,"template":"","format":"image","meta":{"sfsi_plus_gutenberg_text_before_share":"","sfsi_plus_gutenberg_show_text_before_share":"","sfsi_plus_gutenberg_icon_type":"","sfsi_plus_gutenberg_icon_alignemt":"","sfsi_plus_gutenburg_max_per_row":"","footnotes":""},"categories":[9],"tags":[],"class_list":["post-37256","post","type-post","status-publish","format-image","has-post-thumbnail","hentry","category-politica","post_format-post-format-image"],"_links":{"self":[{"href":"https:\/\/www.thereportzone.it\/index.php?rest_route=\/wp\/v2\/posts\/37256"}],"collection":[{"href":"https:\/\/www.thereportzone.it\/index.php?rest_route=\/wp\/v2\/posts"}],"about":[{"href":"https:\/\/www.thereportzone.it\/index.php?rest_route=\/wp\/v2\/types\/post"}],"author":[{"embeddable":true,"href":"https:\/\/www.thereportzone.it\/index.php?rest_route=\/wp\/v2\/users\/2"}],"replies":[{"embeddable":true,"href":"https:\/\/www.thereportzone.it\/index.php?rest_route=%2Fwp%2Fv2%2Fcomments&post=37256"}],"version-history":[{"count":1,"href":"https:\/\/www.thereportzone.it\/index.php?rest_route=\/wp\/v2\/posts\/37256\/revisions"}],"predecessor-version":[{"id":37258,"href":"https:\/\/www.thereportzone.it\/index.php?rest_route=\/wp\/v2\/posts\/37256\/revisions\/37258"}],"wp:featuredmedia":[{"embeddable":true,"href":"https:\/\/www.thereportzone.it\/index.php?rest_route=\/wp\/v2\/media\/37257"}],"wp:attachment":[{"href":"https:\/\/www.thereportzone.it\/index.php?rest_route=%2Fwp%2Fv2%2Fmedia&parent=37256"}],"wp:term":[{"taxonomy":"category","embeddable":true,"href":"https:\/\/www.thereportzone.it\/index.php?rest_route=%2Fwp%2Fv2%2Fcategories&post=37256"},{"taxonomy":"post_tag","embeddable":true,"href":"https:\/\/www.thereportzone.it\/index.php?rest_route=%2Fwp%2Fv2%2Ftags&post=37256"}],"curies":[{"name":"wp","href":"https:\/\/api.w.org\/{rel}","templated":true}]}}