{"id":37212,"date":"2022-10-10T12:38:38","date_gmt":"2022-10-10T10:38:38","guid":{"rendered":"http:\/\/thereportzone.it\/?p=37212"},"modified":"2022-10-10T12:38:49","modified_gmt":"2022-10-10T10:38:49","slug":"fratelli-ditalia-cerreto-a-mondragone-incontra-il-direttivo-si-parla-di-territorio","status":"publish","type":"post","link":"https:\/\/www.thereportzone.it\/?p=37212","title":{"rendered":"Fratelli d&#8217;Italia, Cerreto a Mondragone incontra il direttivo: si parla di territorio"},"content":{"rendered":"\n<div class=\"wp-block-columns is-layout-flex wp-container-core-columns-is-layout-1 wp-block-columns-is-layout-flex\">\n<div class=\"wp-block-column is-layout-flow wp-block-column-is-layout-flow\" style=\"flex-basis:100%\">\n<div class=\"wp-block-group is-layout-flow wp-block-group-is-layout-flow\">\n<figure class=\"wp-block-image aligncenter size-full\"><img fetchpriority=\"high\" decoding=\"async\" width=\"691\" height=\"338\" src=\"http:\/\/thereportzone.it\/wp-content\/uploads\/2022\/07\/nuova-st-justin.png\" alt=\"\" class=\"wp-image-36457\"\/><\/figure>\n<\/div>\n<\/div>\n<\/div>\n\n\n\n<figure class=\"wp-block-image size-full\"><img decoding=\"async\" width=\"998\" height=\"140\" src=\"http:\/\/thereportzone.it\/wp-content\/uploads\/2022\/07\/SodaPDF-converted-quattro-BUONO.jpg\" alt=\"\" class=\"wp-image-36456\"\/><\/figure>\n\n\n\n<p>Si \u00e8 avuta sabato pomeriggio alle ore 16.00 l&#8217;incontro con l&#8217;Onorevole Cerreto presso le sedi del direttivo Fratelli d&#8217;Italia. Uno sguardo sul futuro parlando di territorio, ma non solo. Per Fratelli d&#8217;Italia, nella citt\u00e0 di Mondragone, resta fondamentale affrontare le problematiche inerenti al censimento della etnia Rom, senza trascurare l&#8217;ambiente e la sicurezza.<\/p>\n\n\n\n<figure class=\"wp-block-image aligncenter size-full is-style-default\"><img decoding=\"async\" width=\"750\" height=\"937\" src=\"https:\/\/linkwireless.it\/wordpress\/wp-content\/uploads\/2022\/05\/jarama-pizza-allabrace.jpg\" alt=\"\" class=\"wp-image-417\" srcset=\"https:\/\/www.thereportzone.it\/wp-content\/uploads\/2022\/05\/jarama-pizza-allabrace.jpg 750w, https:\/\/www.thereportzone.it\/wp-content\/uploads\/2022\/05\/jarama-pizza-allabrace-240x300.jpg 240w\" sizes=\"(max-width: 750px) 100vw, 750px\" \/><\/figure>\n\n\n\n<p>Tanta soddisfazione per il direttivo che, attraverso un comunicato stampa, dichiara quanto segue: &#8220;Finalmente Fratelli d&#8217;Italia sezione di Mondragone ha un direttivo. Coordinatrice: Rachele Miraglia; Segretario: Belli Antonio; Presidente: Emilio Pagliaro; Vice presidente: Arturo Tucci; Tesoriere: Montano Giovanni; Politiche di genere: Mary Torino. <\/p>\n\n\n\n<p>Ormai era nell&#8217;aria tale decisione. Dopo l&#8217;ottimo risultato ottenuto nella citt\u00e0 di Mondragone, il partito \u00e8 cresciuto, la coordinatrice afferma: &#8220;La popolazione ha voluto cambiare, il partito ha tantissime iniziative da mettere in atto a costo zero. Come il censimento dell&#8217;etnia Rom, con eventuale integrazione, tramite mediatori culturali. <\/p>\n\n\n\n<p>La salvaguardia del verde pubblico, proponendo la gara pluriennale ed affidarla a una sola azienda, con competenze, per puntare al risparmio, evitando che vengano affidati direttamente con costi molto elevati. Non dimentichiamo, infine, la sicurezza in citt\u00e0&#8221;. <\/p>\n\n\n\n<p>Con il segretario Belli Antonio, e tutto il direttivo, siamo pronti a lottare per una citt\u00e0 che merita tantissimo vista la sua posizione morfologica e geografica. Il partito \u00e8 aperto a tutti, affinch\u00e9 in citt\u00e0 si ritorni ai confronti in nome dei simboli, che negli ultimi anni sono venuti a mancare&#8221;.<\/p>\n\n\n\n<figure class=\"wp-block-image aligncenter size-full\"><img loading=\"lazy\" decoding=\"async\" width=\"676\" height=\"989\" src=\"http:\/\/thereportzone.it\/wp-content\/uploads\/2022\/10\/cerreto-mondragone.jpg\" alt=\"\" class=\"wp-image-37213\"\/><\/figure>\n","protected":false},"excerpt":{"rendered":"<p>Si \u00e8 avuta sabato pomeriggio alle ore 16.00 l&#8217;incontro con l&#8217;Onorevole Cerreto presso le sedi del direttivo Fratelli<\/p>\n","protected":false},"author":2,"featured_media":37214,"comment_status":"closed","ping_status":"closed","sticky":false,"template":"","format":"image","meta":{"sfsi_plus_gutenberg_text_before_share":"","sfsi_plus_gutenberg_show_text_before_share":"","sfsi_plus_gutenberg_icon_type":"","sfsi_plus_gutenberg_icon_alignemt":"","sfsi_plus_gutenburg_max_per_row":"","footnotes":""},"categories":[5,9],"tags":[],"class_list":["post-37212","post","type-post","status-publish","format-image","has-post-thumbnail","hentry","category-mondragone","category-politica","post_format-post-format-image"],"_links":{"self":[{"href":"https:\/\/www.thereportzone.it\/index.php?rest_route=\/wp\/v2\/posts\/37212"}],"collection":[{"href":"https:\/\/www.thereportzone.it\/index.php?rest_route=\/wp\/v2\/posts"}],"about":[{"href":"https:\/\/www.thereportzone.it\/index.php?rest_route=\/wp\/v2\/types\/post"}],"author":[{"embeddable":true,"href":"https:\/\/www.thereportzone.it\/index.php?rest_route=\/wp\/v2\/users\/2"}],"replies":[{"embeddable":true,"href":"https:\/\/www.thereportzone.it\/index.php?rest_route=%2Fwp%2Fv2%2Fcomments&post=37212"}],"version-history":[{"count":1,"href":"https:\/\/www.thereportzone.it\/index.php?rest_route=\/wp\/v2\/posts\/37212\/revisions"}],"predecessor-version":[{"id":37215,"href":"https:\/\/www.thereportzone.it\/index.php?rest_route=\/wp\/v2\/posts\/37212\/revisions\/37215"}],"wp:featuredmedia":[{"embeddable":true,"href":"https:\/\/www.thereportzone.it\/index.php?rest_route=\/wp\/v2\/media\/37214"}],"wp:attachment":[{"href":"https:\/\/www.thereportzone.it\/index.php?rest_route=%2Fwp%2Fv2%2Fmedia&parent=37212"}],"wp:term":[{"taxonomy":"category","embeddable":true,"href":"https:\/\/www.thereportzone.it\/index.php?rest_route=%2Fwp%2Fv2%2Fcategories&post=37212"},{"taxonomy":"post_tag","embeddable":true,"href":"https:\/\/www.thereportzone.it\/index.php?rest_route=%2Fwp%2Fv2%2Ftags&post=37212"}],"curies":[{"name":"wp","href":"https:\/\/api.w.org\/{rel}","templated":true}]}}