{"id":37135,"date":"2022-09-30T11:07:27","date_gmt":"2022-09-30T09:07:27","guid":{"rendered":"http:\/\/thereportzone.it\/?p=37135"},"modified":"2022-09-30T11:07:31","modified_gmt":"2022-09-30T09:07:31","slug":"pedalata-ecologica-e-pulizia-delloasi-di-caricchiano-comune-e-legambiente-insieme-lassessore-ambrosca-fondamentale-formare-coscienze-ecologiste","status":"publish","type":"post","link":"https:\/\/www.thereportzone.it\/?p=37135","title":{"rendered":"Pedalata ecologica e pulizia dell\u2019Oasi di Caricchiano, Comune e Legambiente insieme . L\u2019assessore Ambrosca: fondamentale formare coscienze ecologiste"},"content":{"rendered":"\n<div class=\"wp-block-columns is-layout-flex wp-container-core-columns-is-layout-1 wp-block-columns-is-layout-flex\">\n<div class=\"wp-block-column is-layout-flow wp-block-column-is-layout-flow\" style=\"flex-basis:100%\">\n<div class=\"wp-block-group is-layout-flow wp-block-group-is-layout-flow\">\n<figure class=\"wp-block-image aligncenter size-full\"><img fetchpriority=\"high\" decoding=\"async\" width=\"691\" height=\"338\" src=\"http:\/\/thereportzone.it\/wp-content\/uploads\/2022\/07\/nuova-st-justin.png\" alt=\"\" class=\"wp-image-36457\"\/><\/figure>\n<\/div>\n<\/div>\n<\/div>\n\n\n\n<figure class=\"wp-block-image size-full\"><img decoding=\"async\" width=\"998\" height=\"140\" src=\"http:\/\/thereportzone.it\/wp-content\/uploads\/2022\/07\/SodaPDF-converted-quattro-BUONO.jpg\" alt=\"\" class=\"wp-image-36456\"\/><\/figure>\n\n\n\n<p class=\"has-text-align-center\"><strong>Pedalata ecologica e pulizia dell\u2019Oasi di Caricchiano, Comune e Legambiente insieme per l\u2019ambiente. L\u2019assessore Ambrosca: fondamentale formare coscienze ecologiste<\/strong><\/p>\n\n\n\n<p>Tutto pronto per la seconda edizione della pedalata ecologica organizzata dall\u2019assessorato all\u2019Ambiente del Comune di Cancello ed Arnone. L\u2019appuntamento \u00e8 per domenica 2 ottobre in piazza Municipio a partire dalle 9,30 quando i cittadini si ritroveranno in sella alle loro biciclette per far partire un serpentone che attraverser\u00e0 le vie del paese per raggiungere l\u2019Oasi di Caricchiano. <\/p>\n\n\n\n<figure class=\"wp-block-image aligncenter size-full is-style-default\"><img decoding=\"async\" width=\"750\" height=\"937\" src=\"https:\/\/linkwireless.it\/wordpress\/wp-content\/uploads\/2022\/05\/jarama-pizza-allabrace.jpg\" alt=\"\" class=\"wp-image-417\" srcset=\"https:\/\/www.thereportzone.it\/wp-content\/uploads\/2022\/05\/jarama-pizza-allabrace.jpg 750w, https:\/\/www.thereportzone.it\/wp-content\/uploads\/2022\/05\/jarama-pizza-allabrace-240x300.jpg 240w\" sizes=\"(max-width: 750px) 100vw, 750px\" \/><\/figure>\n\n\n\n<p>Qui partir\u00e0 una seconda iniziativa promossa in collaborazione con Legambiente: attivisti e cittadini provvederanno a ripulire l\u2019area. \u00abInvito tutti i cittadini a partecipare a questa bella iniziativa \u2013 ha sottolineato l\u2019assessore all\u2019Ambiente Gaetano Ambrosca \u2013 si tratta di un bel momento di socialit\u00e0 per la nostra comunit\u00e0, ma \u00e8 anche l\u2019occasione per sensibilizzare le coscienze ad una cultura ecologica.  <\/p>\n\n\n\n<p>La pulizia dell\u2019Oasi rientra nel complesso di iniziative messe in campo da Legambiente in questo week end dal titolo \u2018Per un clima di pace\u2019. <\/p>\n\n\n\n<p>Come amministrazione abbiamo sempre creduto nell\u2019importanza di momenti del genere dal momento che, accanto alla repressione e al controllo, \u00e8 fondamentale che ci sia un\u2019azione di prevenzione che nasca dal sollecitare la formazione di una cultura ecologista da parte dei cittadini\u00bb.<\/p>\n\n\n\n<p><\/p>\n\n\n\n<figure class=\"wp-block-image aligncenter size-full\"><img loading=\"lazy\" decoding=\"async\" width=\"576\" height=\"1024\" src=\"http:\/\/thereportzone.it\/wp-content\/uploads\/2022\/09\/cancelo-arnone-passeggiata-ecologica.jpeg\" alt=\"\" class=\"wp-image-37136\"\/><\/figure>\n","protected":false},"excerpt":{"rendered":"<p>Pedalata ecologica e pulizia dell\u2019Oasi di Caricchiano, Comune e Legambiente insieme per l\u2019ambiente. L\u2019assessore Ambrosca: fondamentale formare coscienze<\/p>\n","protected":false},"author":2,"featured_media":37136,"comment_status":"closed","ping_status":"closed","sticky":false,"template":"","format":"image","meta":{"sfsi_plus_gutenberg_text_before_share":"","sfsi_plus_gutenberg_show_text_before_share":"","sfsi_plus_gutenberg_icon_type":"","sfsi_plus_gutenberg_icon_alignemt":"","sfsi_plus_gutenburg_max_per_row":"","footnotes":""},"categories":[2948,10],"tags":[],"class_list":["post-37135","post","type-post","status-publish","format-image","has-post-thumbnail","hentry","category-comuni","category-cultura","post_format-post-format-image"],"_links":{"self":[{"href":"https:\/\/www.thereportzone.it\/index.php?rest_route=\/wp\/v2\/posts\/37135"}],"collection":[{"href":"https:\/\/www.thereportzone.it\/index.php?rest_route=\/wp\/v2\/posts"}],"about":[{"href":"https:\/\/www.thereportzone.it\/index.php?rest_route=\/wp\/v2\/types\/post"}],"author":[{"embeddable":true,"href":"https:\/\/www.thereportzone.it\/index.php?rest_route=\/wp\/v2\/users\/2"}],"replies":[{"embeddable":true,"href":"https:\/\/www.thereportzone.it\/index.php?rest_route=%2Fwp%2Fv2%2Fcomments&post=37135"}],"version-history":[{"count":1,"href":"https:\/\/www.thereportzone.it\/index.php?rest_route=\/wp\/v2\/posts\/37135\/revisions"}],"predecessor-version":[{"id":37137,"href":"https:\/\/www.thereportzone.it\/index.php?rest_route=\/wp\/v2\/posts\/37135\/revisions\/37137"}],"wp:featuredmedia":[{"embeddable":true,"href":"https:\/\/www.thereportzone.it\/index.php?rest_route=\/wp\/v2\/media\/37136"}],"wp:attachment":[{"href":"https:\/\/www.thereportzone.it\/index.php?rest_route=%2Fwp%2Fv2%2Fmedia&parent=37135"}],"wp:term":[{"taxonomy":"category","embeddable":true,"href":"https:\/\/www.thereportzone.it\/index.php?rest_route=%2Fwp%2Fv2%2Fcategories&post=37135"},{"taxonomy":"post_tag","embeddable":true,"href":"https:\/\/www.thereportzone.it\/index.php?rest_route=%2Fwp%2Fv2%2Ftags&post=37135"}],"curies":[{"name":"wp","href":"https:\/\/api.w.org\/{rel}","templated":true}]}}