{"id":36886,"date":"2022-09-14T09:50:54","date_gmt":"2022-09-14T07:50:54","guid":{"rendered":"http:\/\/thereportzone.it\/?p=36886"},"modified":"2022-09-24T08:00:26","modified_gmt":"2022-09-24T06:00:26","slug":"in-viaggio-con-francesco-2-incontro-con-il-peru","status":"publish","type":"post","link":"https:\/\/www.thereportzone.it\/?p=36886","title":{"rendered":"In viaggio con Francesco, 2 &#8211; Incontro con il Per\u00f9"},"content":{"rendered":"\n<div class=\"wp-block-columns is-layout-flex wp-container-core-columns-is-layout-1 wp-block-columns-is-layout-flex\">\n<div class=\"wp-block-column is-layout-flow wp-block-column-is-layout-flow\" style=\"flex-basis:100%\">\n<div class=\"wp-block-group is-layout-flow wp-block-group-is-layout-flow\">\n<figure class=\"wp-block-image aligncenter size-full\"><img fetchpriority=\"high\" decoding=\"async\" width=\"691\" height=\"338\" src=\"http:\/\/thereportzone.it\/wp-content\/uploads\/2022\/07\/nuova-st-justin.png\" alt=\"\" class=\"wp-image-36457\"\/><\/figure>\n<\/div>\n<\/div>\n<\/div>\n\n\n\n<figure class=\"wp-block-image size-full\"><img decoding=\"async\" width=\"998\" height=\"140\" src=\"http:\/\/thereportzone.it\/wp-content\/uploads\/2022\/07\/SodaPDF-converted-quattro-BUONO.jpg\" alt=\"\" class=\"wp-image-36456\"\/><\/figure>\n\n\n\n<p>Lima ci accoglie, alle sei del mattino, col suo cielo grigio ed i primi sprazzi di vivacit\u00e0. Non potrebbe essere altrimenti considerando che, la met\u00e0 degli abitanti di tutto il Per\u00f9, vive nella capitale.<\/p>\n\n\n\n<p>Si sente \u2013 e forte \u2013 la mancanza del sonno e le ore di fuso orario, ma si percepiscono anche i ritmi frenetici, seppur di primo mattino, di una citt\u00e0 di oltre nove milioni di abitanti che ci dona il suo \u201cBuenos d\u00ecas\u201d.<\/p>\n\n\n\n<p>Ha inizio da qui il nostro viaggio non senza un piccolo imprevisto. Infatti veniamo lasciati dal nostro trasfert a poca distanza dall\u2019albergo causa evento sportivo che blocca il transito dei veicoli. Questo ci permette, seppur ricolmi di bagagli, di avere un primo approccio con il popolo peruviano.<\/p>\n\n\n\n<p>Dopo la prima sistemazione ed una breve colazione al gusto di maracuja, incontriamo la prima guida: Jorge. Giriamo a piedi tra gli edifici principali del centro. Palazzi in stile coloniale si alternano a qualche negozio, qualche chiesa con facciate barocche dove c\u2019\u00e8, nei simboli scolpiti, una miscellanea tra cattolico e credenze indigene ricollegabile al culto della pachamama: la Madre Terra. Intorno, cori di protesta di alcuni manifestanti che intonano contro il governo un ritornello a noi conosciuto: \u201c El pueblo unido, jamas sera vencido\u201d.<\/p>\n\n\n\n<figure class=\"wp-block-image aligncenter size-full\"><img decoding=\"async\" width=\"1472\" height=\"830\" src=\"http:\/\/thereportzone.it\/wp-content\/uploads\/2022\/09\/palazzo-del-governo.jpg\" alt=\"\" class=\"wp-image-36887\"\/><figcaption><strong>PALAZZO DEL GOVERNO <\/strong><\/figcaption><\/figure>\n\n\n\n<figure class=\"wp-block-image aligncenter size-full is-style-default\"><img loading=\"lazy\" decoding=\"async\" width=\"750\" height=\"937\" src=\"https:\/\/linkwireless.it\/wordpress\/wp-content\/uploads\/2022\/05\/jarama-pizza-allabrace.jpg\" alt=\"\" class=\"wp-image-417\" srcset=\"https:\/\/www.thereportzone.it\/wp-content\/uploads\/2022\/05\/jarama-pizza-allabrace.jpg 750w, https:\/\/www.thereportzone.it\/wp-content\/uploads\/2022\/05\/jarama-pizza-allabrace-240x300.jpg 240w\" sizes=\"(max-width: 750px) 100vw, 750px\" \/><\/figure>\n\n\n\n<p>Qui, mentre Jorge continua la sua spiegazione, assistiamo al cambio della guardia. Sulla nostra destra, all\u2019esterno della Cattedrale di Lima, persone in abito elegante contraddistinti da inserti di colore viola \u2013 a sottolineare molto probabilmente l\u2019appartenenza a qualche confraternita \u2013 l\u2019inizio di una celebrazione che incontreremo al ritorno e nella quale viene portata in processione \u201cdondolante\u201d, una statua del Cristo.<\/p>\n\n\n\n<p>Ultima tappa, prima del pranzo, al Convento di San Francisco famoso soprattutto per le catacombe e per una collezione di libri, alcuni dei quali precedente al periodo della conquista. Sono bellissime all\u2019interno le decorazioni in legno. Tra queste spicca una cupola con geometrie moresche datata prima met\u00e0 del 600 intagliata in legno del Nicaragua.<\/p>\n\n\n\n<p>Dopo un pasto a base di Ceviche \u2013 piatto tipico a base di pesce misto lasciato a marinare nel succo di limone con cipolla, coriandolo e peperoncino, e successivamente servito freddo con patata dolce e mais bollito \u2013 nel cui sapore forte dato dalle spezie si percepiscono alcuni dei sentori delle varie culture che hanno attraversato questo Paese miste ai prodotti tipicamente peruviani, <\/p>\n\n\n\n<figure class=\"wp-block-image aligncenter size-full\"><img loading=\"lazy\" decoding=\"async\" width=\"1080\" height=\"779\" src=\"http:\/\/thereportzone.it\/wp-content\/uploads\/2022\/09\/CHEVICE.jpg\" alt=\"\" class=\"wp-image-36888\"\/><figcaption>CEVICHE<\/figcaption><\/figure>\n\n\n\n<p>\u00e8 la volta di Huaca Pucllana. Questo sito archeologico, centro cerimoniale di adobe \u00e8 situato nella valle del fiume Rimac.<\/p>\n\n\n\n<p>La particolarit\u00e0 di questo luogo, che negli anni 40 del 900 \u00e8 andato in buona parte perso a causa della crescita urbanistica, sta nella struttura. Infatti la disposizione dei mattoni di adobe \u00e8, diversamente da quanto si \u00e8 solito vedere oggi, in posizione verticale.<\/p>\n\n\n\n<figure class=\"wp-block-image aligncenter size-full\"><img loading=\"lazy\" decoding=\"async\" width=\"225\" height=\"400\" src=\"http:\/\/thereportzone.it\/wp-content\/uploads\/2022\/09\/HUACA-PUCLLANA.jpg\" alt=\"\" class=\"wp-image-36889\"\/><figcaption>Huaca Pucllana<\/figcaption><\/figure>\n\n\n\n<p>La scoperta nel 2000 di quattro mummie wari, rende il sito un luogo di continuo scavo.<\/p>\n\n\n\n<p>A fine visita, pi\u00f9 che una passeggiata, ci concediamo un vero \u00e8 proprio percorso di oltre 5 km con sosta sulla scogliera che divide la citt\u00e0 ed il mare. In questo spazio verde, adibito a parco cittadino nel quartiere di Miraflores, ci sono i classici segni di una citt\u00e0 totalmente globalizzata e lontana dal Per\u00f9 andino che di solito ci viene proposto nei documentari ma&nbsp; non diverso nella fisionomia dei volti. Perlopi\u00f9 spigolosi, con occhi scuri e a mandorla e pelle scuro rossastra.<\/p>\n\n\n\n<p>Prima di partire, avevo fatto una promessa a Giuseppe. Uno dei suoi pi\u00f9 grandi amici del periodo spagnolo, \u00e8 peruviano e vive a Lima. Quando mi disse \u201cSe vai in Per\u00f9 passa da Pato\u2026\u201d gli risposi \u201cP\u00e8, a Lima dovrei fermarmi un giorno e sono 9 milioni di abitanti!\u201d. Per\u00f2 Pato gestisce un centro culturale nel quartiere Barranco ed a piedi da Miraflores dovrei aggiungere qualche altro km. Mentre i miei compagni di viaggio si fermano a mangiare, decido di andarlo a cercare. Raggiungo quello che \u00e8 chiamato il \u201cPonte dei sospiri\u201d un ponte in legno restaurato che passa sopra una scalinata in pietra che porta alla spiaggia ed ispirazione di diverse canzoni folkloristiche in quanto sembra sia il luogo dove \u00e8 solito darsi il primo appuntamento. Noto una zona restaurata. L\u2019arte la si vede nella molteplicit\u00e0 di murales e nelle tele che abbondano nei vari locali che circondano l\u2019area. Mentre scendo lo stretto viale noto un\u2019insegna con su scritto : \u201cEl gato tulipan\u201d.<\/p>\n\n\n\n<p>L\u2019ho trovato! Entro. Di fronte a me un bancone con sopra alcune bevande mentre a sinistra mi accoglie un omone al quale chiedo di chiamare il Boss. Arriva una ragazza.<\/p>\n\n\n\n<p>\u201cCerchi Pato?\u201d<\/p>\n\n\n\n<p>Si.<\/p>\n\n\n\n<p>Un momento e arriva.<\/p>\n\n\n\n<p>Dopo due minuti mi accoglie questo ragazzone che riconosco dalle foto di Giuseppe. Gli dico:\u201d Ciao sono qui perch\u00e9 un mio amico mi ha parlato del tuo centro culturale. Di sicuro lo conosci bene. Si chiama Giuseppe Nicodemo.\u201d<\/p>\n\n\n\n<p>Pato non parla. Mi abbraccia solo forte come se stesse abbracciando il suo amico che non vede da anni. Mi porta sul terrazzo del suo locale. Insieme beviamo una birra, parliamo della loro amicizia, cantiamo De Andr\u00e8. Mi presenta un sacco di suoi amici e facciamo subito un video che inoltriamo a Giuseppe alle ore 03.55 italiane.<\/p>\n\n\n\n<p>Al risveglio trovo un post di Giuseppe su FB. Nelle parole di Pato nel video ed in quelle postate, si percepisce l\u2019amore di due amici fraterni. Io resto semplicemente felice di essere stato il tramite di un\u2019amicizia che continua a vivere nonostante la distanza ed il tempo. In culture e contesti totalmente opposti e che serbano nel cuore il ricordo di una parte di vita trascorsa insieme.<\/p>\n\n\n\n<p>Non credo potesse iniziare meglio il viaggio che, il giorno successivo, ci porta a Paracas nella regione di Ica. Qui inizieremo a vedere un Per\u00f9 sostanzialmente diverso.<\/p>\n\n\n\n<figure class=\"wp-block-image aligncenter size-full\"><img loading=\"lazy\" decoding=\"async\" width=\"1332\" height=\"750\" src=\"http:\/\/thereportzone.it\/wp-content\/uploads\/2022\/09\/FRANCESCO-E-PATO.jpg\" alt=\"\" class=\"wp-image-36890\"\/><figcaption>FRANCESCO E PATO <\/figcaption><\/figure>\n\n\n\n<p>Sul finestrino del mezzo della Cruz del Sur, si alterna un paesaggio di periferia fatto di case perlopi\u00f9 in mattone ed intonacate solo sulle facciate a sinistra ed il mare a destra. Stiamo sulla Panamericana. La strada che spacca l\u2019America dal Canada fino alla terra del fuoco. Un pullman comodo, personale gentile. Credo sia ora di recuperare il sonno perso.<\/p>\n\n\n\n<p>Pranziamo con una frittura di gamberi lungo la spiaggia di Paracas e raggiungiamo la Riserva naturale di Paracas immersi in un immenso deserto.<\/p>\n\n\n\n<p>Da compagnia solo il vento, le onde del mare ed una bella compagnia con la quale credo di divertirmi veramente tanto.<\/p>\n\n\n\n<figure class=\"wp-block-image aligncenter size-full\"><img loading=\"lazy\" decoding=\"async\" width=\"1536\" height=\"2048\" src=\"http:\/\/thereportzone.it\/wp-content\/uploads\/2022\/09\/FRANCESCO-GRUPPO-DI-VIAGGIO.jpg\" alt=\"\" class=\"wp-image-36891\"\/><figcaption>GRUPPO DI VIAGGIO<\/figcaption><\/figure>\n","protected":false},"excerpt":{"rendered":"<p>Lima ci accoglie, alle sei del mattino, col suo cielo grigio ed i primi sprazzi di vivacit\u00e0. Non<\/p>\n","protected":false},"author":2,"featured_media":36891,"comment_status":"closed","ping_status":"closed","sticky":false,"template":"","format":"image","meta":{"sfsi_plus_gutenberg_text_before_share":"","sfsi_plus_gutenberg_show_text_before_share":"","sfsi_plus_gutenberg_icon_type":"","sfsi_plus_gutenberg_icon_alignemt":"","sfsi_plus_gutenburg_max_per_row":"","footnotes":""},"categories":[10,4],"tags":[],"class_list":["post-36886","post","type-post","status-publish","format-image","has-post-thumbnail","hentry","category-cultura","category-falciano","post_format-post-format-image"],"_links":{"self":[{"href":"https:\/\/www.thereportzone.it\/index.php?rest_route=\/wp\/v2\/posts\/36886"}],"collection":[{"href":"https:\/\/www.thereportzone.it\/index.php?rest_route=\/wp\/v2\/posts"}],"about":[{"href":"https:\/\/www.thereportzone.it\/index.php?rest_route=\/wp\/v2\/types\/post"}],"author":[{"embeddable":true,"href":"https:\/\/www.thereportzone.it\/index.php?rest_route=\/wp\/v2\/users\/2"}],"replies":[{"embeddable":true,"href":"https:\/\/www.thereportzone.it\/index.php?rest_route=%2Fwp%2Fv2%2Fcomments&post=36886"}],"version-history":[{"count":3,"href":"https:\/\/www.thereportzone.it\/index.php?rest_route=\/wp\/v2\/posts\/36886\/revisions"}],"predecessor-version":[{"id":36986,"href":"https:\/\/www.thereportzone.it\/index.php?rest_route=\/wp\/v2\/posts\/36886\/revisions\/36986"}],"wp:featuredmedia":[{"embeddable":true,"href":"https:\/\/www.thereportzone.it\/index.php?rest_route=\/wp\/v2\/media\/36891"}],"wp:attachment":[{"href":"https:\/\/www.thereportzone.it\/index.php?rest_route=%2Fwp%2Fv2%2Fmedia&parent=36886"}],"wp:term":[{"taxonomy":"category","embeddable":true,"href":"https:\/\/www.thereportzone.it\/index.php?rest_route=%2Fwp%2Fv2%2Fcategories&post=36886"},{"taxonomy":"post_tag","embeddable":true,"href":"https:\/\/www.thereportzone.it\/index.php?rest_route=%2Fwp%2Fv2%2Ftags&post=36886"}],"curies":[{"name":"wp","href":"https:\/\/api.w.org\/{rel}","templated":true}]}}