{"id":36728,"date":"2022-09-04T12:40:03","date_gmt":"2022-09-04T10:40:03","guid":{"rendered":"http:\/\/thereportzone.it\/?p=36728"},"modified":"2022-09-04T12:40:14","modified_gmt":"2022-09-04T10:40:14","slug":"zannini-il-18-settembre-apertura-calendario-venatorio-ce-lok-di-de-luca","status":"publish","type":"post","link":"https:\/\/www.thereportzone.it\/?p=36728","title":{"rendered":"Zannini: il 18 settembre apertura calendario venatorio. C\u2019\u00e8 l\u2019ok di De Luca"},"content":{"rendered":"\n<div class=\"wp-block-columns is-layout-flex wp-container-core-columns-is-layout-1 wp-block-columns-is-layout-flex\">\n<div class=\"wp-block-column is-layout-flow wp-block-column-is-layout-flow\" style=\"flex-basis:100%\">\n<div class=\"wp-block-group is-layout-flow wp-block-group-is-layout-flow\">\n<figure class=\"wp-block-image aligncenter size-full\"><img fetchpriority=\"high\" decoding=\"async\" width=\"691\" height=\"338\" src=\"http:\/\/thereportzone.it\/wp-content\/uploads\/2022\/07\/nuova-st-justin.png\" alt=\"\" class=\"wp-image-36457\"\/><\/figure>\n<\/div>\n<\/div>\n<\/div>\n\n\n\n<figure class=\"wp-block-image size-full\"><img decoding=\"async\" width=\"998\" height=\"140\" src=\"http:\/\/thereportzone.it\/wp-content\/uploads\/2022\/07\/SodaPDF-converted-quattro-BUONO.jpg\" alt=\"\" class=\"wp-image-36456\"\/><\/figure>\n\n\n\n<p>Il 3 agosto scorso (sollecitato dall\u2019amico Valerio Toscano e da tanti cacciatori casertani) avevo chiesto di rivedere la data di apertura e inizio delle attivit\u00e0 venatorie (originariamente fissate. In decorrenza 1\/10\/23). <\/p>\n\n\n\n<figure class=\"wp-block-image size-full is-style-default\"><img decoding=\"async\" width=\"750\" height=\"937\" src=\"https:\/\/linkwireless.it\/wordpress\/wp-content\/uploads\/2022\/05\/jarama-pizza-allabrace.jpg\" alt=\"\" class=\"wp-image-417\" srcset=\"https:\/\/www.thereportzone.it\/wp-content\/uploads\/2022\/05\/jarama-pizza-allabrace.jpg 750w, https:\/\/www.thereportzone.it\/wp-content\/uploads\/2022\/05\/jarama-pizza-allabrace-240x300.jpg 240w\" sizes=\"(max-width: 750px) 100vw, 750px\" \/><\/figure>\n\n\n\n<p>In particolare chiedevo la decorrenza e inizi\u00f2 delle attivit\u00e0 a far data dal 18\/9\/22 cos\u00ec come l\u2019anno scorso \u00e8 cos\u00ec come \u00e8 stato fatto in molte regioni italiane. <br><\/p>\n\n\n\n<p>Precisavo che il parere contrario dell\u2019Ispra e\u2019 un parere obbligatorio ma non vincolante. Ebbene con soddisfazione posso affermare che la mia richiesta \u00e8 stata accolta. Domani infatti sar\u00e0 pubblicata la nuova delibera n. 459 con cui si sono approvate le modifiche al calendario venatorio regionale 2022-2023 di cui all\u2019allegato 1 della DGR 13 luglio 2022 n. 377, allegate al presente provvedimento a costituirne parte integrante e sostanziale, prevedendo l\u2019apertura della caccia, nei termini di cui alla presente deliberazione, al 1\u00b0 ottobre per la specie Cinghiale con operativit\u00e0, per tale specie, della venabilit\u00e0 nel mese di dicembre nelle sole giornate di gioved\u00ec e domenica per un totale complessivo di giornate venabili di n. 34, al 18 settembre per le specie Alzavola, Canapiglia, Codone, Folaga, Porciglione, Germano reale, Gallinella d&#8217;acqua, Marzaiola, Fischione, Mestolone, Beccaccino e Frullino e al 21 settembre per le specie Fagiano e Quaglia con modifica, in parte qua, dei periodi venabili fissati nel calendario attualmente in vigore;<\/p>\n\n\n\n<figure class=\"wp-block-image size-full\"><img loading=\"lazy\" decoding=\"async\" width=\"1024\" height=\"974\" src=\"http:\/\/thereportzone.it\/wp-content\/uploads\/2022\/09\/C0F0A2FB-EE0C-459F-80AA-A4E219C20E8B.jpeg\" alt=\"\" class=\"wp-image-36729\"\/><\/figure>\n","protected":false},"excerpt":{"rendered":"<p>Il 3 agosto scorso (sollecitato dall\u2019amico Valerio Toscano e da tanti cacciatori casertani) avevo chiesto di rivedere la<\/p>\n","protected":false},"author":2,"featured_media":36729,"comment_status":"closed","ping_status":"closed","sticky":false,"template":"","format":"image","meta":{"sfsi_plus_gutenberg_text_before_share":"","sfsi_plus_gutenberg_show_text_before_share":"","sfsi_plus_gutenberg_icon_type":"","sfsi_plus_gutenberg_icon_alignemt":"","sfsi_plus_gutenburg_max_per_row":"","footnotes":""},"categories":[5,9],"tags":[],"class_list":["post-36728","post","type-post","status-publish","format-image","has-post-thumbnail","hentry","category-mondragone","category-politica","post_format-post-format-image"],"_links":{"self":[{"href":"https:\/\/www.thereportzone.it\/index.php?rest_route=\/wp\/v2\/posts\/36728"}],"collection":[{"href":"https:\/\/www.thereportzone.it\/index.php?rest_route=\/wp\/v2\/posts"}],"about":[{"href":"https:\/\/www.thereportzone.it\/index.php?rest_route=\/wp\/v2\/types\/post"}],"author":[{"embeddable":true,"href":"https:\/\/www.thereportzone.it\/index.php?rest_route=\/wp\/v2\/users\/2"}],"replies":[{"embeddable":true,"href":"https:\/\/www.thereportzone.it\/index.php?rest_route=%2Fwp%2Fv2%2Fcomments&post=36728"}],"version-history":[{"count":1,"href":"https:\/\/www.thereportzone.it\/index.php?rest_route=\/wp\/v2\/posts\/36728\/revisions"}],"predecessor-version":[{"id":36730,"href":"https:\/\/www.thereportzone.it\/index.php?rest_route=\/wp\/v2\/posts\/36728\/revisions\/36730"}],"wp:featuredmedia":[{"embeddable":true,"href":"https:\/\/www.thereportzone.it\/index.php?rest_route=\/wp\/v2\/media\/36729"}],"wp:attachment":[{"href":"https:\/\/www.thereportzone.it\/index.php?rest_route=%2Fwp%2Fv2%2Fmedia&parent=36728"}],"wp:term":[{"taxonomy":"category","embeddable":true,"href":"https:\/\/www.thereportzone.it\/index.php?rest_route=%2Fwp%2Fv2%2Fcategories&post=36728"},{"taxonomy":"post_tag","embeddable":true,"href":"https:\/\/www.thereportzone.it\/index.php?rest_route=%2Fwp%2Fv2%2Ftags&post=36728"}],"curies":[{"name":"wp","href":"https:\/\/api.w.org\/{rel}","templated":true}]}}