{"id":36679,"date":"2022-08-24T08:48:34","date_gmt":"2022-08-24T06:48:34","guid":{"rendered":"http:\/\/thereportzone.it\/?p=36679"},"modified":"2022-08-24T08:48:43","modified_gmt":"2022-08-24T06:48:43","slug":"forza-italia-provincia-di-caserta-nuove-nomine-nel-movimento-giovanile-arriva-la-natale","status":"publish","type":"post","link":"https:\/\/www.thereportzone.it\/?p=36679","title":{"rendered":"Forza Italia Provincia di Caserta, nuove nomine nel movimento giovanile: arriva la Natale"},"content":{"rendered":"\n<div class=\"wp-block-columns is-layout-flex wp-container-core-columns-is-layout-1 wp-block-columns-is-layout-flex\">\n<div class=\"wp-block-column is-layout-flow wp-block-column-is-layout-flow\" style=\"flex-basis:100%\">\n<div class=\"wp-block-group is-layout-flow wp-block-group-is-layout-flow\">\n<figure class=\"wp-block-image aligncenter size-full\"><img fetchpriority=\"high\" decoding=\"async\" width=\"691\" height=\"338\" src=\"http:\/\/thereportzone.it\/wp-content\/uploads\/2022\/07\/nuova-st-justin.png\" alt=\"\" class=\"wp-image-36457\"\/><\/figure>\n<\/div>\n<\/div>\n<\/div>\n\n\n\n<figure class=\"wp-block-image size-full\"><img decoding=\"async\" width=\"998\" height=\"140\" src=\"http:\/\/thereportzone.it\/wp-content\/uploads\/2022\/07\/SodaPDF-converted-quattro-BUONO.jpg\" alt=\"\" class=\"wp-image-36456\"\/><\/figure>\n\n\n\n<p>NUOVE NOMINE NEL MOVIMENTO GIOVANILE DI FORZA ITALIA DELLA PROVINCIA DI CASERTA, VITIELLO<br>AFFIDA A NATALE L\u2019INCARICO DI VICE COORDINATRICE PROVINCIALE DEI GIOVANI IN TERRA DI LAVORO.<\/p>\n\n\n\n<p>Il coordinatore regionale dei giovani azzurri, Michele Vitiello, ha conferito a Martina Natale la carica di vice coordinatrice provinciale dei Giovani di Forza Italia della Provincia di Caserta.<br>Residente a Casal Di Principe, 26 anni, Natale attualmente ricopre la carica di consigliere del Forum dei<br>Giovani del suo Comune, \u00e8 oramai prossima al traguardo della laurea in Giurisprudenza, e da tempo \u00e8<br>attivista del partito di Silvio Berlusconi, fino a diventare ora la n.2 dei giovani iscritti e simpatizzanti di Forza Italia in tutta la Provincia di Terra di Lavoro.<\/p>\n\n\n\n<figure class=\"wp-block-image size-full is-style-default\"><img decoding=\"async\" width=\"750\" height=\"937\" src=\"https:\/\/linkwireless.it\/wordpress\/wp-content\/uploads\/2022\/05\/jarama-pizza-allabrace.jpg\" alt=\"\" class=\"wp-image-417\" srcset=\"https:\/\/www.thereportzone.it\/wp-content\/uploads\/2022\/05\/jarama-pizza-allabrace.jpg 750w, https:\/\/www.thereportzone.it\/wp-content\/uploads\/2022\/05\/jarama-pizza-allabrace-240x300.jpg 240w\" sizes=\"(max-width: 750px) 100vw, 750px\" \/><\/figure>\n\n\n\n<p>\u201cUna nomina per me inattesa ma che mi riempie di orgoglio. Sono una giovane della Provincia di Caserta<br>che ha tanta voglia di apprendere in termini politici, e sono lieta di affiancarmi ai tanti giovani che da tempo lavorano per la crescita del suddetto movimento. Mi metto subito a lavorare per aggregare nuovi giovani in un momento in cui cresce l\u2019entusiasmo attorno al progetto politico di Forza Italia soprattutto in ottica delle imminenti elezioni politiche che vedranno il partito ancora una volta protagonista. <\/p>\n\n\n\n<p>Collaborer\u00f2, con particolare unit\u00e0 di intenti, con il coordinatore provinciale dei giovani di Fi Mario Paduano, con il quale stiamo gi\u00e0 lavorando per mettere in campo una serie di iniziative lodevoli facendo tesoro di amabili consigli e costruttiva esperienza\u201d, dichiara la neo vice coordinatrice provinciale dei giovani azzurri. <\/p>\n\n\n\n<p>\u201cValorizzare i nostri ideali, strizzando l\u2019occhio al futuro \u00e9 il modo migliore di creare una classe dirigente,<br>consapevole e preparata. Ringrazio il coordinatore regionale del Movimento dei Giovani di Fi, Michele<br>Vitiello, per la sua disponibilit\u00e0 e, soprattutto, mi preme sottolineare la mia stima al neo commissario<br>regionale del partito, l\u2019onorevole Fulvio Martusciello, che considero punto di riferimento politico mio e di<br>tanti giovani che sta guidando con passione e saggezza oltre a dare nuova linfa al partito tutto. Nuove e<br>avvincenti sfide ci attendono e le affronteremo con passione, coraggio e i valori che non tradiremo mai\u201d,<br>conclude Natale.<\/p>\n\n\n\n<p><\/p>\n\n\n\n<p><\/p>\n\n\n\n<figure class=\"wp-block-image size-full\"><img loading=\"lazy\" decoding=\"async\" width=\"913\" height=\"1142\" src=\"http:\/\/thereportzone.it\/wp-content\/uploads\/2022\/08\/MARTINA-NATALE.jpg\" alt=\"\" class=\"wp-image-36680\"\/><\/figure>\n","protected":false},"excerpt":{"rendered":"<p>NUOVE NOMINE NEL MOVIMENTO GIOVANILE DI FORZA ITALIA DELLA PROVINCIA DI CASERTA, VITIELLOAFFIDA A NATALE L\u2019INCARICO DI VICE<\/p>\n","protected":false},"author":2,"featured_media":36680,"comment_status":"closed","ping_status":"closed","sticky":false,"template":"","format":"image","meta":{"sfsi_plus_gutenberg_text_before_share":"","sfsi_plus_gutenberg_show_text_before_share":"","sfsi_plus_gutenberg_icon_type":"","sfsi_plus_gutenberg_icon_alignemt":"","sfsi_plus_gutenburg_max_per_row":"","footnotes":""},"categories":[9],"tags":[],"class_list":["post-36679","post","type-post","status-publish","format-image","has-post-thumbnail","hentry","category-politica","post_format-post-format-image"],"_links":{"self":[{"href":"https:\/\/www.thereportzone.it\/index.php?rest_route=\/wp\/v2\/posts\/36679"}],"collection":[{"href":"https:\/\/www.thereportzone.it\/index.php?rest_route=\/wp\/v2\/posts"}],"about":[{"href":"https:\/\/www.thereportzone.it\/index.php?rest_route=\/wp\/v2\/types\/post"}],"author":[{"embeddable":true,"href":"https:\/\/www.thereportzone.it\/index.php?rest_route=\/wp\/v2\/users\/2"}],"replies":[{"embeddable":true,"href":"https:\/\/www.thereportzone.it\/index.php?rest_route=%2Fwp%2Fv2%2Fcomments&post=36679"}],"version-history":[{"count":1,"href":"https:\/\/www.thereportzone.it\/index.php?rest_route=\/wp\/v2\/posts\/36679\/revisions"}],"predecessor-version":[{"id":36681,"href":"https:\/\/www.thereportzone.it\/index.php?rest_route=\/wp\/v2\/posts\/36679\/revisions\/36681"}],"wp:featuredmedia":[{"embeddable":true,"href":"https:\/\/www.thereportzone.it\/index.php?rest_route=\/wp\/v2\/media\/36680"}],"wp:attachment":[{"href":"https:\/\/www.thereportzone.it\/index.php?rest_route=%2Fwp%2Fv2%2Fmedia&parent=36679"}],"wp:term":[{"taxonomy":"category","embeddable":true,"href":"https:\/\/www.thereportzone.it\/index.php?rest_route=%2Fwp%2Fv2%2Fcategories&post=36679"},{"taxonomy":"post_tag","embeddable":true,"href":"https:\/\/www.thereportzone.it\/index.php?rest_route=%2Fwp%2Fv2%2Ftags&post=36679"}],"curies":[{"name":"wp","href":"https:\/\/api.w.org\/{rel}","templated":true}]}}