{"id":36624,"date":"2022-08-11T15:03:30","date_gmt":"2022-08-11T13:03:30","guid":{"rendered":"http:\/\/thereportzone.it\/?p=36624"},"modified":"2022-08-11T15:03:44","modified_gmt":"2022-08-11T13:03:44","slug":"allevatori-bufalini-in-protesta-sulla-domiziana-la-solidarieta-del-consigliere-regionale-oliviero","status":"publish","type":"post","link":"https:\/\/www.thereportzone.it\/?p=36624","title":{"rendered":"Allevatori bufalini in protesta sulla Domiziana, la solidariet\u00e0 del Consigliere Regionale Oliviero"},"content":{"rendered":"\n<div class=\"wp-block-columns is-layout-flex wp-container-core-columns-is-layout-1 wp-block-columns-is-layout-flex\">\n<div class=\"wp-block-column is-layout-flow wp-block-column-is-layout-flow\" style=\"flex-basis:100%\">\n<div class=\"wp-block-group is-layout-flow wp-block-group-is-layout-flow\">\n<figure class=\"wp-block-image aligncenter size-full\"><img fetchpriority=\"high\" decoding=\"async\" width=\"691\" height=\"338\" src=\"http:\/\/thereportzone.it\/wp-content\/uploads\/2022\/07\/nuova-st-justin.png\" alt=\"\" class=\"wp-image-36457\"\/><\/figure>\n<\/div>\n<\/div>\n<\/div>\n\n\n\n<figure class=\"wp-block-image size-full\"><img decoding=\"async\" width=\"998\" height=\"140\" src=\"http:\/\/thereportzone.it\/wp-content\/uploads\/2022\/07\/SodaPDF-converted-quattro-BUONO.jpg\" alt=\"\" class=\"wp-image-36456\"\/><\/figure>\n\n\n\n<p>Gli allevatori bufalini in corteo sulla Domiziana, arriva la solidariet\u00e0 di Oliviero: \u201c<em>il loro un grido di dolore inascoltato, bisogna far presto e subito, per cambiare metodo e modalit\u00e0 operative<\/em>\u201d.<\/p>\n\n\n\n<p>Il Presidente del Consiglio Regionale, <strong>Gennaro Oliviero<\/strong>, non ha fatto mancare, come sempre, la solidariet\u00e0 e vicinanza agli allevatori bufalini che da questa mattina hanno intrapreso l\u2019ennesima manifestazione con i trattori sulla Statale Domiziana. Un ulteriore sforzo per cercare di fermare la mattanza delle bufale a seguito del fallimento del piano regionale di eradicazione della brucellosi che ha messo letteralmente in ginocchio l\u2019intero comparto.<\/p>\n\n\n\n<figure class=\"wp-block-image size-full is-style-default\"><img decoding=\"async\" width=\"750\" height=\"937\" src=\"https:\/\/linkwireless.it\/wordpress\/wp-content\/uploads\/2022\/05\/jarama-pizza-allabrace.jpg\" alt=\"\" class=\"wp-image-417\" srcset=\"https:\/\/www.thereportzone.it\/wp-content\/uploads\/2022\/05\/jarama-pizza-allabrace.jpg 750w, https:\/\/www.thereportzone.it\/wp-content\/uploads\/2022\/05\/jarama-pizza-allabrace-240x300.jpg 240w\" sizes=\"(max-width: 750px) 100vw, 750px\" \/><\/figure>\n\n\n\n<p>\u201c<em>Ancora una volta esprimo la mia vicinanza e solidariet\u00e0 agli allevatori che hanno dichiarato lo stato di agitazione fino al 25 settembre p.v. e che, stamattina, sono in corteo sulla Domiziana, per evidenziare i danni irreversibili prodotti nel loro comparto \u2013 dichiara il Presidente del Consiglio regionale &#8211; Con sincerit\u00e0 e senza alcuna difficolt\u00e0 dichiaro che sono profondamente turbato oltre che indignato perch\u00e9 il grido di dolore, corretto e responsabile degli allevatori, ha avuto in questi mesi sterile eco. La comunicazione ai Prefetti di Napoli e Caserta oltre che al Questore di Caserta ha rappresentato l\u2019ultimo appello affinch\u00e9 la questione ritornasse nell\u2019ambito della dialettica istituzionale. La politica non pu\u00f2 omettere l\u2019ascolto e il confronto. Un intero territorio, tantissimi sindaci, centinaia di aziende ed operatori stanno chiedendo una inversione di rotta su un settore in cui la mattanza delle bufale sta distruggendo radici imprenditoriali forti e storiche insistenze territoriali che non possono lasciare distaccato chi da sempre vive la problematica, conosce il territorio e, pertanto, sollecita soluzioni.<\/em><\/p>\n\n\n\n<p><em>Un intero comparto rischia di soccombere per l\u2019imprudente approccio.<\/em><\/p>\n\n\n\n<p><em>Bisogna far presto e subito, per cambiare metodo e modalit\u00e0 operative.<\/em><\/p>\n\n\n\n<p><em>Ci troviamo dinanzi ad aziende che producono una parte rilevante del PIL regionale e nazionale che meritano il rispetto della interlocuzione senza se e senza ma, soprattutto senza pregiudizi n\u00e9 retropensieri di chicchessia. Va posto il freno ad una questione che ha assunto toni di clamore mediatico e di opinione pubblica che rischiano di produrre conseguenze non controllabili ed in questa contingenza elettorale, di infrangersi anche sul risultato politico. &nbsp;Servono nell\u2019immediato responsabilit\u00e0, confronto e rimedi efficaci. &nbsp;Gli allevatori sono stati da sempre disponibili ad offrire un contributo di idee al riguardo. Si apra subito un tavolo di confronto scevro dai condizionamenti di chi fin qui ha impedito che la questione trovasse le pi\u00f9 semplici ed elementari soluzioni. &nbsp;In questa direzione la Presidenza del Consiglio regionale si rende ancora una volta disponibile per costruire soluzioni attraverso momenti di utile confronto\u201d<\/em><\/p>\n\n\n\n<p><\/p>\n","protected":false},"excerpt":{"rendered":"<p>Gli allevatori bufalini in corteo sulla Domiziana, arriva la solidariet\u00e0 di Oliviero: \u201cil loro un grido di dolore<\/p>\n","protected":false},"author":2,"featured_media":36625,"comment_status":"closed","ping_status":"closed","sticky":false,"template":"","format":"image","meta":{"sfsi_plus_gutenberg_text_before_share":"","sfsi_plus_gutenberg_show_text_before_share":"","sfsi_plus_gutenberg_icon_type":"","sfsi_plus_gutenberg_icon_alignemt":"","sfsi_plus_gutenburg_max_per_row":"","footnotes":""},"categories":[9],"tags":[],"class_list":["post-36624","post","type-post","status-publish","format-image","has-post-thumbnail","hentry","category-politica","post_format-post-format-image"],"_links":{"self":[{"href":"https:\/\/www.thereportzone.it\/index.php?rest_route=\/wp\/v2\/posts\/36624"}],"collection":[{"href":"https:\/\/www.thereportzone.it\/index.php?rest_route=\/wp\/v2\/posts"}],"about":[{"href":"https:\/\/www.thereportzone.it\/index.php?rest_route=\/wp\/v2\/types\/post"}],"author":[{"embeddable":true,"href":"https:\/\/www.thereportzone.it\/index.php?rest_route=\/wp\/v2\/users\/2"}],"replies":[{"embeddable":true,"href":"https:\/\/www.thereportzone.it\/index.php?rest_route=%2Fwp%2Fv2%2Fcomments&post=36624"}],"version-history":[{"count":1,"href":"https:\/\/www.thereportzone.it\/index.php?rest_route=\/wp\/v2\/posts\/36624\/revisions"}],"predecessor-version":[{"id":36626,"href":"https:\/\/www.thereportzone.it\/index.php?rest_route=\/wp\/v2\/posts\/36624\/revisions\/36626"}],"wp:featuredmedia":[{"embeddable":true,"href":"https:\/\/www.thereportzone.it\/index.php?rest_route=\/wp\/v2\/media\/36625"}],"wp:attachment":[{"href":"https:\/\/www.thereportzone.it\/index.php?rest_route=%2Fwp%2Fv2%2Fmedia&parent=36624"}],"wp:term":[{"taxonomy":"category","embeddable":true,"href":"https:\/\/www.thereportzone.it\/index.php?rest_route=%2Fwp%2Fv2%2Fcategories&post=36624"},{"taxonomy":"post_tag","embeddable":true,"href":"https:\/\/www.thereportzone.it\/index.php?rest_route=%2Fwp%2Fv2%2Ftags&post=36624"}],"curies":[{"name":"wp","href":"https:\/\/api.w.org\/{rel}","templated":true}]}}