{"id":36593,"date":"2022-08-09T22:23:20","date_gmt":"2022-08-09T20:23:20","guid":{"rendered":"http:\/\/thereportzone.it\/?p=36593"},"modified":"2022-08-09T22:23:35","modified_gmt":"2022-08-09T20:23:35","slug":"grande-successo-della-44esima-edizione-della-festa-della-mozzarella-40-mila-persone-nel-corso-delle-due-serate","status":"publish","type":"post","link":"https:\/\/www.thereportzone.it\/?p=36593","title":{"rendered":"Grande successo della 44esima edizione della Festa della Mozzarella,  40 mila persone nel corso delle due serate"},"content":{"rendered":"\n<div class=\"wp-block-columns is-layout-flex wp-container-core-columns-is-layout-1 wp-block-columns-is-layout-flex\">\n<div class=\"wp-block-column is-layout-flow wp-block-column-is-layout-flow\" style=\"flex-basis:100%\">\n<div class=\"wp-block-group is-layout-flow wp-block-group-is-layout-flow\">\n<figure class=\"wp-block-image aligncenter size-full\"><img fetchpriority=\"high\" decoding=\"async\" width=\"691\" height=\"338\" src=\"http:\/\/thereportzone.it\/wp-content\/uploads\/2022\/07\/nuova-st-justin.png\" alt=\"\" class=\"wp-image-36457\"\/><\/figure>\n<\/div>\n<\/div>\n<\/div>\n\n\n\n<figure class=\"wp-block-image size-full\"><img decoding=\"async\" width=\"998\" height=\"140\" src=\"http:\/\/thereportzone.it\/wp-content\/uploads\/2022\/07\/SodaPDF-converted-quattro-BUONO.jpg\" alt=\"\" class=\"wp-image-36456\"\/><\/figure>\n\n\n\n<p>Grande successo della 44esima edizione della Festa della Mozzarella, con un programma che ha richiamato 40 mila persone nel corso delle due serate. Cittadini e abitanti delle zone limitrofe hanno riempito le strade di Cancello e Arnone, felici di aver preso parte ad un evento ricco di artisti. Questi ultimi infatti, acclamati e osannati dalla folla, hanno gi\u00e0 dato disponibilit\u00e0 per la prossima edizione che sar\u00e0 ancora pi\u00f9 ricca e originale.<\/p>\n\n\n\n<figure class=\"wp-block-image size-full is-style-default\"><img decoding=\"async\" width=\"750\" height=\"937\" src=\"https:\/\/linkwireless.it\/wordpress\/wp-content\/uploads\/2022\/05\/jarama-pizza-allabrace.jpg\" alt=\"\" class=\"wp-image-417\" srcset=\"https:\/\/www.thereportzone.it\/wp-content\/uploads\/2022\/05\/jarama-pizza-allabrace.jpg 750w, https:\/\/www.thereportzone.it\/wp-content\/uploads\/2022\/05\/jarama-pizza-allabrace-240x300.jpg 240w\" sizes=\"(max-width: 750px) 100vw, 750px\" \/><\/figure>\n\n\n\n<p>Il direttore artistico Gianni Simioli ha dichiarato: &#8220;Sono davvero soddisfatto del risultato ottenuto dalla festa. Felice in quanto la festa si pone come attrattore per le aziende locali, tanto che gli sponsor e i caseifici presenti hanno gi\u00e0 dato conferma della loro presenza alla prossima edizione &#8220;. Anche il Sindaco Raffaele Ambrosca si ritiene orgogliosamente soddisfatto della manifestazione che si \u00e8 accreditata come una delle migliori edizioni di sempre.<\/p>\n\n\n\n<p><\/p>\n\n\n\n<figure class=\"wp-block-image size-full\"><img loading=\"lazy\" decoding=\"async\" width=\"1364\" height=\"2048\" src=\"http:\/\/thereportzone.it\/wp-content\/uploads\/2022\/08\/Massimiliano-Gallo.jpg\" alt=\"\" class=\"wp-image-36594\"\/><\/figure>\n\n\n\n<figure class=\"wp-block-image size-full\"><img loading=\"lazy\" decoding=\"async\" width=\"1364\" height=\"2048\" src=\"http:\/\/thereportzone.it\/wp-content\/uploads\/2022\/08\/Stefano-De-Martino-Gianni-Simioli-Francesco-Cicchella.jpg\" alt=\"\" class=\"wp-image-36595\"\/><\/figure>\n\n\n\n<figure class=\"wp-block-image size-full\"><img loading=\"lazy\" decoding=\"async\" width=\"1600\" height=\"1200\" src=\"http:\/\/thereportzone.it\/wp-content\/uploads\/2022\/08\/Palco-Arnone-domencia-7-agosto.jpg\" alt=\"\" class=\"wp-image-36596\"\/><\/figure>\n\n\n\n<figure class=\"wp-block-image size-full\"><img loading=\"lazy\" decoding=\"async\" width=\"1242\" height=\"828\" src=\"http:\/\/thereportzone.it\/wp-content\/uploads\/2022\/08\/Gianni-Simioli-Franco-Ricciardi-Raffaele-Ambrosca.jpg\" alt=\"\" class=\"wp-image-36597\"\/><\/figure>\n\n\n\n<figure class=\"wp-block-image size-full\"><img loading=\"lazy\" decoding=\"async\" width=\"1242\" height=\"828\" src=\"http:\/\/thereportzone.it\/wp-content\/uploads\/2022\/08\/Franco-Ricciardi-Raffaele-Ambrosca.jpg\" alt=\"\" class=\"wp-image-36598\"\/><\/figure>\n","protected":false},"excerpt":{"rendered":"<p>Grande successo della 44esima edizione della Festa della Mozzarella, con un programma che ha richiamato 40 mila persone<\/p>\n","protected":false},"author":2,"featured_media":36598,"comment_status":"closed","ping_status":"closed","sticky":false,"template":"","format":"image","meta":{"sfsi_plus_gutenberg_text_before_share":"","sfsi_plus_gutenberg_show_text_before_share":"","sfsi_plus_gutenberg_icon_type":"","sfsi_plus_gutenberg_icon_alignemt":"","sfsi_plus_gutenburg_max_per_row":"","footnotes":""},"categories":[10],"tags":[],"class_list":["post-36593","post","type-post","status-publish","format-image","has-post-thumbnail","hentry","category-cultura","post_format-post-format-image"],"_links":{"self":[{"href":"https:\/\/www.thereportzone.it\/index.php?rest_route=\/wp\/v2\/posts\/36593"}],"collection":[{"href":"https:\/\/www.thereportzone.it\/index.php?rest_route=\/wp\/v2\/posts"}],"about":[{"href":"https:\/\/www.thereportzone.it\/index.php?rest_route=\/wp\/v2\/types\/post"}],"author":[{"embeddable":true,"href":"https:\/\/www.thereportzone.it\/index.php?rest_route=\/wp\/v2\/users\/2"}],"replies":[{"embeddable":true,"href":"https:\/\/www.thereportzone.it\/index.php?rest_route=%2Fwp%2Fv2%2Fcomments&post=36593"}],"version-history":[{"count":1,"href":"https:\/\/www.thereportzone.it\/index.php?rest_route=\/wp\/v2\/posts\/36593\/revisions"}],"predecessor-version":[{"id":36599,"href":"https:\/\/www.thereportzone.it\/index.php?rest_route=\/wp\/v2\/posts\/36593\/revisions\/36599"}],"wp:featuredmedia":[{"embeddable":true,"href":"https:\/\/www.thereportzone.it\/index.php?rest_route=\/wp\/v2\/media\/36598"}],"wp:attachment":[{"href":"https:\/\/www.thereportzone.it\/index.php?rest_route=%2Fwp%2Fv2%2Fmedia&parent=36593"}],"wp:term":[{"taxonomy":"category","embeddable":true,"href":"https:\/\/www.thereportzone.it\/index.php?rest_route=%2Fwp%2Fv2%2Fcategories&post=36593"},{"taxonomy":"post_tag","embeddable":true,"href":"https:\/\/www.thereportzone.it\/index.php?rest_route=%2Fwp%2Fv2%2Ftags&post=36593"}],"curies":[{"name":"wp","href":"https:\/\/api.w.org\/{rel}","templated":true}]}}