{"id":36543,"date":"2022-07-29T10:29:34","date_gmt":"2022-07-29T08:29:34","guid":{"rendered":"http:\/\/thereportzone.it\/?p=36543"},"modified":"2022-07-29T10:29:46","modified_gmt":"2022-07-29T08:29:46","slug":"anter-presenta-il-manifesto-per-lambiente","status":"publish","type":"post","link":"https:\/\/www.thereportzone.it\/?p=36543","title":{"rendered":"ANTER presenta il Manifesto per l&#8217;Ambiente"},"content":{"rendered":"\n<div class=\"wp-block-columns is-layout-flex wp-container-core-columns-is-layout-1 wp-block-columns-is-layout-flex\">\n<div class=\"wp-block-column is-layout-flow wp-block-column-is-layout-flow\" style=\"flex-basis:100%\">\n<div class=\"wp-block-group is-layout-flow wp-block-group-is-layout-flow\">\n<figure class=\"wp-block-image aligncenter size-full\"><img fetchpriority=\"high\" decoding=\"async\" width=\"691\" height=\"338\" src=\"http:\/\/thereportzone.it\/wp-content\/uploads\/2022\/07\/nuova-st-justin.png\" alt=\"\" class=\"wp-image-36457\"\/><\/figure>\n<\/div>\n<\/div>\n<\/div>\n\n\n\n<figure class=\"wp-block-image size-full\"><img decoding=\"async\" width=\"998\" height=\"140\" src=\"http:\/\/thereportzone.it\/wp-content\/uploads\/2022\/07\/SodaPDF-converted-quattro-BUONO.jpg\" alt=\"\" class=\"wp-image-36456\"\/><\/figure>\n\n\n\n<p>Marted\u00ec 19 luglio, presso la sede del Comune di Prato, alla presenza del<br>Sindaco Matteo Biffoni, ANTER &#8211; l\u2019Associazione Nazionale Energie Rinnovabili &#8211; ha presentato il<br>Manifesto per l\u2019Ambiente, il decalogo degli impegni che attraverso la sottoscrizione, lega<br>cittadini,aziende e Istituzioni a portare avanti azioni concrete per la vivibilit\u00e0 del pianeta.<br>Con questo documento ANTER, primo firmatario, sottoscrive il proprio impegno per l\u2019Italia a<br>perseguire una serie di obiettivi e invita cittadini, aziende e Istituzioni a partecipare a questo<br>grande progetto e a supportarlo apponendo la propria firma.<\/p>\n\n\n\n<figure class=\"wp-block-image size-full is-style-default\"><img decoding=\"async\" width=\"750\" height=\"937\" src=\"https:\/\/linkwireless.it\/wordpress\/wp-content\/uploads\/2022\/05\/jarama-pizza-allabrace.jpg\" alt=\"\" class=\"wp-image-417\" srcset=\"https:\/\/www.thereportzone.it\/wp-content\/uploads\/2022\/05\/jarama-pizza-allabrace.jpg 750w, https:\/\/www.thereportzone.it\/wp-content\/uploads\/2022\/05\/jarama-pizza-allabrace-240x300.jpg 240w\" sizes=\"(max-width: 750px) 100vw, 750px\" \/><\/figure>\n\n\n\n<p>Sin dalla sua nascita nel 2009, ANTER ispira le sue scelte etiche alle finalit\u00e0, ai valori e ai principi<br>di tutela ambientale e dell\u2019economia verde promuovendo lo sviluppo e l\u2019utilizzo di energie<br>pulite prodotte da fonti rinnovabili non inquinanti, e nel corso dei suoi primi 13 anni ha<br>raccoltol\u2019adesione di oltre 300.000 persone.<\/p>\n\n\n\n<p><br>Da 13 anni \u00e8 impegnata nella realizzazione di iniziative e progetti volti ad educare al rispetto per<br>l\u2019ambiente e alla conoscenza delle energie rinnovabili le nuove generazioni. Dal 2014, infatti, \u00e8<br>presente nelle scuole italiane con progetti di formazione: ha all\u2019attivo oltre 5.000 eventi e<br>225.000 bambini formati con il progetto educativo ambientale \u201cIl Sole in Classe\u201d, inserito dal<br>MIUR nella circolare che segnala alle scuole i progetti da svolgere nell\u2019ora di educazione.<br>Nel 2016, con il Progetto \u201cSalviamo il respiro della Terra\u201d ha presidiato 1000 piazze in tutta<br>Italia, diffondendo in maniera capillare i contenuti relativi all\u2019inquinamento atmosferico e alla<br>qualit\u00e0 dell\u2019aria, e ha promosso uno studio in collaborazione con l\u2019universit\u00e0 di Cassino sulle<br>polveri sottili in ambienti indoor ed outdoor.<\/p>\n\n\n\n<p><br>\u201cIl Manifesto per l\u2019ambiente \u00e8 un progetto concreto per contribuire al conseguimento degli obiettivi<br>dell\u2019Agenda 2030, punto di riferimento per noi nelle politiche cittadine di sviluppo sostenibile\u201d ha<br>sottolineato il sindaco di Prato Matteo Biffoni. \u201cSono felice che ANTER faccia partire questa iniziativa<br>proprio dal nostro territorio, coinvolgendo innanzitutto i ragazzi delle scuole ma anche aziende e<br>cittadini. Solo con un cambio fattivo delle politiche locali e dell\u2019impegno di tutta la comunit\u00e0 si possono<br>raggiungere obiettivi globali, promuovendo azioni per ridurrel\u2019impatto ambientale e sviluppare l\u2019utilizzo<br>di energie sostenibili e rinnovabili. Le emergenze degli ultimi mesi, da quella idrica a quella energetica,<\/p>\n\n\n\n<p>sono un forte campanello d\u2019allarme e impongonoa tutti, a ogni livello, un cambio di passo importante.<br>Noi ci siamo\u201d.<br>I temi indicati nel Manifesto sono stati approfonditi la sera stessa, dalle 19:00, nel corso di un<br>evento dal titolo \u201cIL BEL PAESE\u2026 RINNOVABILE, SOSTENIBILE E RESPIRABILE\u201d ospitato a<br>Montemurlo, presso Villa Rainone, e durante il quale si sono confrontati esperti, istituzioni e il<br>pubblico presente e una rappresentanza degli ambasciatori green di ANTER.<br>Il dibattito \u00e8 stato moderato da Maurizio Belpietro.<br>&#8220;Se nei prossimi anni riusciremo ad attuare con efficacia la transizione ecologica, energetica e culturale,<br>sar\u00e0 possibile evitare gli effetti nefasti del surriscaldamento globale e i nostri figli potranno vivere nel<br>benessere e in armonia con la natura\u201d ha dichiarato il Presidente di ANTER Alessandro Giovannini che ha<br>aggiunto \u201cPer transizione culturale &#8211; un tema a me caro che figura nel Manifesto &#8211; intendo un<br>cambiamento di mentalit\u00e0 e di abitudini a livello individuale, collettivo e istituzionale, maggiori risorse<br>dedicate all&#8217;educazione e sensibilizzazione dei giovani, alla formazione scolastica e professionale, alla<br>cultura, al mondo della ricerca, alle energie rinnovabili, all&#8217;innovazione, alle tecnologie verdi in grado di<br>creare posti di lavoro qualificati e soprattutto un maggiore sforzo per comprendere la complessit\u00e0 dei<br>problemi contemporanei\u201d.<br>Dalla sua nascita l\u2019associazione ha potuto contare sul sostegno della rete d\u2019imprese NWG New World In<br>Green &#8211; l\u2019ecosistema del mondo NWG, costituito dalle aziende NWG Energia, NWG Italia e NWG Academy che racchiude e rappresenta la filosofia, i valori e gli obiettivi della rete, e che ha creduto fortemente nei<br>valori dell\u2019Associazione, supportandone le attivit\u00e0.<\/p>\n\n\n\n<p><br>L\u2019evento sar\u00e0 compensato da NWG Energia attraverso Up2You, un\u2019azienda autorizzata a gestire<br>crediti di carbonio certificati VERRA e Gold Standard. Permette di avere un impatto concreto<br>appoggiando progetti capaci di catturare CO2, preservare foreste, tutelare ecosistemi, etc.<br>Ogni ospite ha infatti ricevuto un braccialetto con un codice che gli ha consentito di scegliere<br>quale progetto per l\u2019ambiente sostenere.<br>Massimo Casullo, Presidente NWG Energia e Responsabile d\u2019Impatto delle imprese della rete<br>NWG New World in Green, ha affermato: \u201cPer noi essere al fianco di Anter ogni anno \u00e8 un<br>impegnoconcreto per la diffusione della corretta educazione ambientale tra le nuove generazioni<br>ed \u00e8 parte integrante della strategia di sostenibilit\u00e0 delle aziende della rete di imprese NWG<br>coinvolte nel progetto: NWG Energia ed NWG Italia\u201d e ha aggiunto \u201c\u00c8 fondamentale alimentare<br>sin da piccoli la sensibilit\u00e0 verso la protezione delle bellezze del nostro territorio e il rispetto<br>del pianeta che ci ospita. Invito tutti a votare gli elaborati per rinnovare il supporto alle energie<br>rinnovabili e premiare la creativit\u00e0 dei bambini e degli insegnanti.\u201d<\/p>\n\n\n\n<p><br>Oggi, nell\u2019ottica di allargamento e di una sempre maggiore capillarit\u00e0 degli interventi, ANTER<br>guarda al mondo delle imprese italiane sensibili ai temi ambientali per riuscire a implementare <\/p>\n\n\n\n<p>progetti innovativi e per poter essere sempre pi\u00f9 presente nella diffusione dei contenuti che<br>rappresentano la propria mission. <\/p>\n\n\n\n<figure class=\"wp-block-image aligncenter size-full\"><img loading=\"lazy\" decoding=\"async\" width=\"5000\" height=\"3333\" src=\"http:\/\/thereportzone.it\/wp-content\/uploads\/2022\/07\/tutti-i-partecipanti-al-dibattito-condotto-da-maurizio-belpietro-al-centro.jpg\" alt=\"\" class=\"wp-image-36544\"\/><\/figure>\n\n\n\n<figure class=\"wp-block-image size-full\"><img loading=\"lazy\" decoding=\"async\" width=\"1280\" height=\"853\" src=\"http:\/\/thereportzone.it\/wp-content\/uploads\/2022\/07\/Premiazione-Miglior-Ambasciatrice-2021-Ivana-Persechino.jpg\" alt=\"\" class=\"wp-image-36545\"\/><\/figure>\n\n\n\n<figure class=\"wp-block-image size-full\"><img loading=\"lazy\" decoding=\"async\" width=\"1366\" height=\"768\" src=\"http:\/\/thereportzone.it\/wp-content\/uploads\/2022\/07\/insegnante-sonia-corrain-presidente-NWG-Italia-Francesco-d.antini-presidente-onorario-ANTER-Leonardo-Masi.png\" alt=\"\" class=\"wp-image-36546\"\/><\/figure>\n\n\n\n<figure class=\"wp-block-image size-full\"><img loading=\"lazy\" decoding=\"async\" width=\"840\" height=\"473\" src=\"http:\/\/thereportzone.it\/wp-content\/uploads\/2022\/07\/Gli-Ambasciatori-volontari-di-ANTER-arrivati-da-tutta-Italia.jpg\" alt=\"\" class=\"wp-image-36547\"\/><\/figure>\n\n\n\n<figure class=\"wp-block-image size-full\"><img loading=\"lazy\" decoding=\"async\" width=\"1280\" height=\"720\" src=\"http:\/\/thereportzone.it\/wp-content\/uploads\/2022\/07\/Conferenza-Stampa-al-Comune-di-Prato-nella-sala-consiliare.jpg\" alt=\"\" class=\"wp-image-36548\"\/><\/figure>\n\n\n\n<figure class=\"wp-block-image size-full\"><img loading=\"lazy\" decoding=\"async\" width=\"904\" height=\"1280\" src=\"http:\/\/thereportzone.it\/wp-content\/uploads\/2022\/07\/Manifesto-per-AMBIENTE-di-domani-gia-da-oggi.jpg\" alt=\"\" class=\"wp-image-36549\"\/><\/figure>\n\n\n\n<figure class=\"wp-block-image size-full\"><img loading=\"lazy\" decoding=\"async\" width=\"1080\" height=\"1080\" src=\"http:\/\/thereportzone.it\/wp-content\/uploads\/2022\/07\/Da-sx-Sindaco-Biffoni-di-Prato-Presidente-ANTER-Giovannini-Sindaco-di-Montemurlo-Calamai.jpg\" alt=\"\" class=\"wp-image-36550\"\/><\/figure>\n","protected":false},"excerpt":{"rendered":"<p>Marted\u00ec 19 luglio, presso la sede del Comune di Prato, alla presenza delSindaco Matteo Biffoni, ANTER &#8211; l\u2019Associazione<\/p>\n","protected":false},"author":2,"featured_media":36545,"comment_status":"closed","ping_status":"closed","sticky":false,"template":"","format":"image","meta":{"sfsi_plus_gutenberg_text_before_share":"","sfsi_plus_gutenberg_show_text_before_share":"","sfsi_plus_gutenberg_icon_type":"","sfsi_plus_gutenberg_icon_alignemt":"","sfsi_plus_gutenburg_max_per_row":"","footnotes":""},"categories":[10],"tags":[],"class_list":["post-36543","post","type-post","status-publish","format-image","has-post-thumbnail","hentry","category-cultura","post_format-post-format-image"],"_links":{"self":[{"href":"https:\/\/www.thereportzone.it\/index.php?rest_route=\/wp\/v2\/posts\/36543"}],"collection":[{"href":"https:\/\/www.thereportzone.it\/index.php?rest_route=\/wp\/v2\/posts"}],"about":[{"href":"https:\/\/www.thereportzone.it\/index.php?rest_route=\/wp\/v2\/types\/post"}],"author":[{"embeddable":true,"href":"https:\/\/www.thereportzone.it\/index.php?rest_route=\/wp\/v2\/users\/2"}],"replies":[{"embeddable":true,"href":"https:\/\/www.thereportzone.it\/index.php?rest_route=%2Fwp%2Fv2%2Fcomments&post=36543"}],"version-history":[{"count":1,"href":"https:\/\/www.thereportzone.it\/index.php?rest_route=\/wp\/v2\/posts\/36543\/revisions"}],"predecessor-version":[{"id":36551,"href":"https:\/\/www.thereportzone.it\/index.php?rest_route=\/wp\/v2\/posts\/36543\/revisions\/36551"}],"wp:featuredmedia":[{"embeddable":true,"href":"https:\/\/www.thereportzone.it\/index.php?rest_route=\/wp\/v2\/media\/36545"}],"wp:attachment":[{"href":"https:\/\/www.thereportzone.it\/index.php?rest_route=%2Fwp%2Fv2%2Fmedia&parent=36543"}],"wp:term":[{"taxonomy":"category","embeddable":true,"href":"https:\/\/www.thereportzone.it\/index.php?rest_route=%2Fwp%2Fv2%2Fcategories&post=36543"},{"taxonomy":"post_tag","embeddable":true,"href":"https:\/\/www.thereportzone.it\/index.php?rest_route=%2Fwp%2Fv2%2Ftags&post=36543"}],"curies":[{"name":"wp","href":"https:\/\/api.w.org\/{rel}","templated":true}]}}