{"id":36514,"date":"2022-07-22T13:11:05","date_gmt":"2022-07-22T11:11:05","guid":{"rendered":"http:\/\/thereportzone.it\/?p=36514"},"modified":"2022-07-22T13:11:17","modified_gmt":"2022-07-22T11:11:17","slug":"scomparsa-angelo-marcucci-il-cordoglio-di-zannini-il-sindaco-dichiara-lutto-cittadino","status":"publish","type":"post","link":"https:\/\/www.thereportzone.it\/?p=36514","title":{"rendered":"Scomparsa Angelo Marcucci, il cordoglio di Zannini: il sindaco dichiara lutto cittadino"},"content":{"rendered":"\n<div class=\"wp-block-columns is-layout-flex wp-container-core-columns-is-layout-1 wp-block-columns-is-layout-flex\">\n<div class=\"wp-block-column is-layout-flow wp-block-column-is-layout-flow\" style=\"flex-basis:100%\">\n<div class=\"wp-block-group is-layout-flow wp-block-group-is-layout-flow\">\n<figure class=\"wp-block-image aligncenter size-full\"><img fetchpriority=\"high\" decoding=\"async\" width=\"691\" height=\"338\" src=\"http:\/\/thereportzone.it\/wp-content\/uploads\/2022\/07\/nuova-st-justin.png\" alt=\"\" class=\"wp-image-36457\"\/><\/figure>\n<\/div>\n<\/div>\n<\/div>\n\n\n\n<figure class=\"wp-block-image size-full\"><img decoding=\"async\" width=\"998\" height=\"140\" src=\"http:\/\/thereportzone.it\/wp-content\/uploads\/2022\/07\/SodaPDF-converted-quattro-BUONO.jpg\" alt=\"\" class=\"wp-image-36456\"\/><\/figure>\n\n\n\n<p>SCOMPARSA DI ANGELO MARCUCCI, IL SINDACO DI COSTANZO PROCLAMA LUTTO CITTADINO PER<br>DOMANI SABATO 23 LUGLIO: \u201cPERSONA MITE E DISPONIBILE CON TUTTI, HA SERVITO ALVIGNANO ED I SUOI CITTADINI IN MANIERA ESEMPLARE E TRASPARENTE\u201d<\/p>\n\n\n\n<p>\u201cHo firmato poco fa l\u2019ordinanza con cui ho proclamo il lutto cittadino per domani, sabato 23, in occasione<br>dei funerali del nostro concittadino, Prof. Angelo Francesco Marcucci, gi\u00e0 sindaco di Alvignano. La salma giunger\u00e0 da Napoli alle ore 11 presso l\u2019abitazione in via Genovesi, dove poi alle 16.00 muover\u00e0 il<br>corteo funebre fino alla Chiesa Arcipretale di San Sebastiano Martire, in piazza Monumento.<br>Invito tutti i cittadini ad unirsi al dolore della famiglia e dell\u2019intera comunit\u00e0, sospendendo ogni attivit\u00e0<br>lavorativa in concomitanza con le esequie, cos\u00ec da rendere omaggio e ricordare la figura di Angelo, persona mite e disponibile con tutti che ha servito Alvignano ed i suoi cittadini in maniera esemplare e trasparente.<\/p>\n\n\n\n<figure class=\"wp-block-image size-full is-style-default\"><img decoding=\"async\" width=\"750\" height=\"937\" src=\"https:\/\/linkwireless.it\/wordpress\/wp-content\/uploads\/2022\/05\/jarama-pizza-allabrace.jpg\" alt=\"\" class=\"wp-image-417\" srcset=\"https:\/\/www.thereportzone.it\/wp-content\/uploads\/2022\/05\/jarama-pizza-allabrace.jpg 750w, https:\/\/www.thereportzone.it\/wp-content\/uploads\/2022\/05\/jarama-pizza-allabrace-240x300.jpg 240w\" sizes=\"(max-width: 750px) 100vw, 750px\" \/><\/figure>\n\n\n\n<p>Siamo stati avversari leali in occasione delle ultime elezioni amministrative del 12 giugno scorso, ma voglio qui ricordare il rapporto di stima e di affetto reciproco che ci legava da sempre, in uno al percorso politico ed amministrativo condiviso prima con mio padre e la mia famiglia ai tempi della DC e al Comune, poi, con l\u2019avvento della Seconda Repubblica, con me sia in Consiglio provinciale che nelle rispettive esperienze di amministratori comunali e sovracomunali.<\/p>\n\n\n\n<p><br>Il pensiero va ora ai suoi cari, alla moglie Rosalia e alla figlia Stefania, al fratello Giovanni e ai parenti tutti<br>che piangono la perdita di una persona tanto importante quanto punto di riferimento per tutti gli<br>Alvignanesi. Ciao Angelo!\u201d<\/p>\n\n\n\n<p>Lo comunica, a nome dell\u2019intera Amministrazione comunale, Angelo Di Costanzo, sindaco di Alvignano, che ha disposto anche l\u2019esposizione delle bandiere a mezz\u2019asta davanti al Comune e agli uffici pubblici,<br>l\u2019accoglienza del feretro domani con il gonfalone, che sar\u00e0 presente durante il funerale, e la fascia tricolore indossata dal primo cittadino in carica.<\/p>\n\n\n\n<p>DECESSO DELL\u2019EX SINDACO DI ALVIGNANO ANGELO MARCUCCI, IL CORDOGLIO DI GIOVANNI<br>ZANNINI: PERSONA PERBENE ED AMMINISTRATORE DI GRANDE ESPERIENZA, SAPEVA UNIRE<br>MODERAZIONE E PASSIONE PER IL PROPRIO TERRITORIO.<\/p>\n\n\n\n<p>\u201cLa dipartita di Angelo Marcucci mi addolora e mi rattrista non poco perch\u00e9 lascia un vuoto<br>incolmabile tanto nella sua famiglia, alla quale mi stringo forte, quanto nel mondo amministrativo<br>e politico di Alvignano e dell\u2019intero Alto Casertano.<\/p>\n\n\n\n<p><br>Da sindaco del suo comune, ma anche da amministratore del Consorzio di Bonifica del Sannio<br>Alifano, e prima ancora da Consigliere Provinciale, Angelo Marcucci ha saputo sempre<br>rappresentare al meglio il proprio territorio, lavorando con impegno e passione e senza mai<br>risparmiarsi. <\/p>\n\n\n\n<p>Una persona perbene ed onesta, capace di unire moderazione e determinazione nel<br>raggiungere risultati e traguardi per la sua Alvignano, di cui \u00e8 stato un ottimo Sindaco come da<br>tutti riconosciutogli, e per l\u2019intero comprensorio. Mancher\u00e0 ai familiari, alla politica e a tutti noi<br>che abbiamo imparato ad apprezzarne le doti umane e politiche. Riposi in pace!\u201d.<br>Lo dichiara Giovanni Zannini, presidente della VII Commissione permanente Ambiente, Energia e<br>Protezione Civile del Consiglio Regionale della Campania.<\/p>\n","protected":false},"excerpt":{"rendered":"<p>SCOMPARSA DI ANGELO MARCUCCI, IL SINDACO DI COSTANZO PROCLAMA LUTTO CITTADINO PERDOMANI SABATO 23 LUGLIO: \u201cPERSONA MITE E<\/p>\n","protected":false},"author":2,"featured_media":36515,"comment_status":"closed","ping_status":"closed","sticky":false,"template":"","format":"image","meta":{"sfsi_plus_gutenberg_text_before_share":"","sfsi_plus_gutenberg_show_text_before_share":"","sfsi_plus_gutenberg_icon_type":"","sfsi_plus_gutenberg_icon_alignemt":"","sfsi_plus_gutenburg_max_per_row":"","footnotes":""},"categories":[8,9],"tags":[],"class_list":["post-36514","post","type-post","status-publish","format-image","has-post-thumbnail","hentry","category-cronaca","category-politica","post_format-post-format-image"],"_links":{"self":[{"href":"https:\/\/www.thereportzone.it\/index.php?rest_route=\/wp\/v2\/posts\/36514"}],"collection":[{"href":"https:\/\/www.thereportzone.it\/index.php?rest_route=\/wp\/v2\/posts"}],"about":[{"href":"https:\/\/www.thereportzone.it\/index.php?rest_route=\/wp\/v2\/types\/post"}],"author":[{"embeddable":true,"href":"https:\/\/www.thereportzone.it\/index.php?rest_route=\/wp\/v2\/users\/2"}],"replies":[{"embeddable":true,"href":"https:\/\/www.thereportzone.it\/index.php?rest_route=%2Fwp%2Fv2%2Fcomments&post=36514"}],"version-history":[{"count":1,"href":"https:\/\/www.thereportzone.it\/index.php?rest_route=\/wp\/v2\/posts\/36514\/revisions"}],"predecessor-version":[{"id":36516,"href":"https:\/\/www.thereportzone.it\/index.php?rest_route=\/wp\/v2\/posts\/36514\/revisions\/36516"}],"wp:featuredmedia":[{"embeddable":true,"href":"https:\/\/www.thereportzone.it\/index.php?rest_route=\/wp\/v2\/media\/36515"}],"wp:attachment":[{"href":"https:\/\/www.thereportzone.it\/index.php?rest_route=%2Fwp%2Fv2%2Fmedia&parent=36514"}],"wp:term":[{"taxonomy":"category","embeddable":true,"href":"https:\/\/www.thereportzone.it\/index.php?rest_route=%2Fwp%2Fv2%2Fcategories&post=36514"},{"taxonomy":"post_tag","embeddable":true,"href":"https:\/\/www.thereportzone.it\/index.php?rest_route=%2Fwp%2Fv2%2Ftags&post=36514"}],"curies":[{"name":"wp","href":"https:\/\/api.w.org\/{rel}","templated":true}]}}