{"id":36415,"date":"2022-07-10T13:37:37","date_gmt":"2022-07-10T11:37:37","guid":{"rendered":"http:\/\/thereportzone.it\/?p=36415"},"modified":"2022-07-10T13:37:47","modified_gmt":"2022-07-10T11:37:47","slug":"di-maio-grimaldi-e-de-crescenzo-dichiarato-dissesto-senza-coinvolgere-minoranza","status":"publish","type":"post","link":"https:\/\/www.thereportzone.it\/?p=36415","title":{"rendered":"Di Maio, Grimaldi e De Crescenzo: dichiarato dissesto senza coinvolgere minoranza"},"content":{"rendered":"\n<div class=\"wp-block-columns is-layout-flex wp-container-core-columns-is-layout-1 wp-block-columns-is-layout-flex\">\n<div class=\"wp-block-column is-layout-flow wp-block-column-is-layout-flow\" style=\"flex-basis:100%\">\n<div class=\"wp-block-group is-layout-flow wp-block-group-is-layout-flow\">\n<figure class=\"wp-block-image aligncenter size-full\"><img fetchpriority=\"high\" decoding=\"async\" width=\"691\" height=\"268\" src=\"http:\/\/thereportzone.it\/wp-content\/uploads\/2022\/06\/Via-Appia-Antica-1.png\" alt=\"\" class=\"wp-image-36337\"\/><\/figure>\n<\/div>\n<\/div>\n<\/div>\n\n\n\n<figure class=\"wp-block-image size-full is-style-default\"><img decoding=\"async\" width=\"998\" height=\"140\" src=\"https:\/\/linkwireless.it\/wordpress\/wp-content\/uploads\/2022\/05\/SodaPDF-converted-quattro-BUONO.gif\" alt=\"\" class=\"wp-image-483\"\/><\/figure>\n\n\n\n<p>Il capogruppo consigliere Ugo de Crescenzo ed il capogruppo consigliere Rosa Di Maio, insieme al consigliere Giuseppe Grimaldi, prendono atto che in data 13 luglio e\u2019 convocato il consiglio comunale per la dichiarazione di dissesto finanziario (fallimento dell\u2019ente).<\/p>\n\n\n\n<p><br>A tal proposito e\u2019 stata indetta una conferenza delle rappresentanze politiche, luned\u00ec 11 luglio.<br>Conferenza organizzata a \u201ccose fatte\u201d, ossia con la notifica del consiglio gi\u00e0 indetto per mercoled\u00ec 13.<br>Avevamo dato pi\u00f9 volte disponibilit\u00e0 al colloquio ed al confronto.<\/p>\n\n\n\n<p><br>Il Sindaco nell\u2019ultimo consiglio comunale affermo\u2019 che avrebbe convocato maggioranza e minoranza, al fine di stabilire insieme le sorti finanziarie dell\u2019Ente.<br>Constatiamo, con rammarico, che questo confronto e\u2019 stato disatteso e che la maggioranza ha gi\u00e0 convocato il consiglio sul dissesto, senza interpellare noi consiglieri di minoranza che rappresentiamo una rilevante parte di cittadini, che ci hanno onorato con il loro consenso..<br>A questo punto la nostra partecipazione alla conferenza dei capigruppo e\u2019 perfettamente inutile.<br>Saremo presenti in consiglio con le nostre deduzioni e motivazioni.<br>E ci dispiace che questa Amministrazione non si sia confrontata su un tema cos\u00ec importante, nel rispetto di Carinola.<br>Potevano soltanto dare un contributo fattivo e utile per i cittadini. Dal confronto nascono idee costruttive.<\/p>\n\n\n\n<figure class=\"wp-block-image size-full is-style-default\"><img decoding=\"async\" width=\"750\" height=\"937\" src=\"https:\/\/linkwireless.it\/wordpress\/wp-content\/uploads\/2022\/05\/jarama-pizza-allabrace.jpg\" alt=\"\" class=\"wp-image-417\" srcset=\"https:\/\/www.thereportzone.it\/wp-content\/uploads\/2022\/05\/jarama-pizza-allabrace.jpg 750w, https:\/\/www.thereportzone.it\/wp-content\/uploads\/2022\/05\/jarama-pizza-allabrace-240x300.jpg 240w\" sizes=\"(max-width: 750px) 100vw, 750px\" \/><\/figure>\n\n\n\n<p>Ma evidentemente questo non \u00e8 un atteggiamento dei nostri amministratori !<br>Prendiamo atto e ci vediamo in consiglio comunale mercoled\u00ec 13 luglio ore 10 con il nostro dovere di consiglieri comunali, nella consapevolezza che il dissesto dell\u2019ente e\u2019 un argomento troppo rilevante per Carinola !<br>Capogruppo Rosa Di Maio, Consigliere Comunale Giuseppe Grimaldi, Capogruppo Ugo de Crescenzo<\/p>\n","protected":false},"excerpt":{"rendered":"<p>Il capogruppo consigliere Ugo de Crescenzo ed il capogruppo consigliere Rosa Di Maio, insieme al consigliere Giuseppe Grimaldi,<\/p>\n","protected":false},"author":2,"featured_media":36416,"comment_status":"closed","ping_status":"closed","sticky":false,"template":"","format":"image","meta":{"sfsi_plus_gutenberg_text_before_share":"","sfsi_plus_gutenberg_show_text_before_share":"","sfsi_plus_gutenberg_icon_type":"","sfsi_plus_gutenberg_icon_alignemt":"","sfsi_plus_gutenburg_max_per_row":"","footnotes":""},"categories":[2973,9],"tags":[],"class_list":["post-36415","post","type-post","status-publish","format-image","has-post-thumbnail","hentry","category-carinola","category-politica","post_format-post-format-image"],"_links":{"self":[{"href":"https:\/\/www.thereportzone.it\/index.php?rest_route=\/wp\/v2\/posts\/36415"}],"collection":[{"href":"https:\/\/www.thereportzone.it\/index.php?rest_route=\/wp\/v2\/posts"}],"about":[{"href":"https:\/\/www.thereportzone.it\/index.php?rest_route=\/wp\/v2\/types\/post"}],"author":[{"embeddable":true,"href":"https:\/\/www.thereportzone.it\/index.php?rest_route=\/wp\/v2\/users\/2"}],"replies":[{"embeddable":true,"href":"https:\/\/www.thereportzone.it\/index.php?rest_route=%2Fwp%2Fv2%2Fcomments&post=36415"}],"version-history":[{"count":1,"href":"https:\/\/www.thereportzone.it\/index.php?rest_route=\/wp\/v2\/posts\/36415\/revisions"}],"predecessor-version":[{"id":36417,"href":"https:\/\/www.thereportzone.it\/index.php?rest_route=\/wp\/v2\/posts\/36415\/revisions\/36417"}],"wp:featuredmedia":[{"embeddable":true,"href":"https:\/\/www.thereportzone.it\/index.php?rest_route=\/wp\/v2\/media\/36416"}],"wp:attachment":[{"href":"https:\/\/www.thereportzone.it\/index.php?rest_route=%2Fwp%2Fv2%2Fmedia&parent=36415"}],"wp:term":[{"taxonomy":"category","embeddable":true,"href":"https:\/\/www.thereportzone.it\/index.php?rest_route=%2Fwp%2Fv2%2Fcategories&post=36415"},{"taxonomy":"post_tag","embeddable":true,"href":"https:\/\/www.thereportzone.it\/index.php?rest_route=%2Fwp%2Fv2%2Ftags&post=36415"}],"curies":[{"name":"wp","href":"https:\/\/api.w.org\/{rel}","templated":true}]}}