{"id":36301,"date":"2015-08-03T18:42:33","date_gmt":"2015-08-03T16:42:33","guid":{"rendered":"https:\/\/thereportzone.wordpress.com\/?p=441"},"modified":"2015-08-03T18:42:33","modified_gmt":"2015-08-03T16:42:33","slug":"falciano-consiglio-comunale-il-19-agosto-e-gia-polemica-sulla-notifica","status":"publish","type":"post","link":"https:\/\/www.thereportzone.it\/?p=36301","title":{"rendered":"Falciano, Consiglio Comunale il 19 agosto: \u00e8 gi\u00e0 polemica sulla notifica"},"content":{"rendered":"<p><a href=\"https:\/\/thereportzone.files.wordpress.com\/2015\/07\/11774621_10204969641382552_1746035637_n.jpg\"><img fetchpriority=\"high\" decoding=\"async\" class=\"wp-image-267 size-full aligncenter\" src=\"https:\/\/thereportzone.files.wordpress.com\/2015\/07\/11774621_10204969641382552_1746035637_n.jpg\" alt=\"11774621_10204969641382552_1746035637_n\" width=\"240\" height=\"320\" \/><\/a> <strong>3 Agosto 2015 &#8211; Falciano del Massico.<\/strong>\u00a0Il primo cittadino Giosu\u00e8 Santoro ha predisposto la convocazione del consiglio comunale per il 19 agosto alle ore 19.00 presso la sala consiliare del comune cittadino. La convocazione del civico consesso riguarda punti all\u2019ordine del giorno inerenti il bilancio di previsione e quello dell\u2019elenco delle opere \u00a0pubbliche per il prossimo triennio. Ci sono poi altri punti che riguardano modifiche ad alcune delibere del settembre 2014. E dunque dopo aver visto e sentito i fuochi d\u2019artificio della festa patronale si potr\u00e0 assistere a quelli che la maggioranza e l\u2019opposizione faranno nel consiglio comunale del 19 agosto sull\u2019esercizio finanziario del prossimo anno e quindi sulle previsioni dei vari capitoli di spesa che come si potr\u00e0 immaginare non potranno essere migliori di quelli degli ultimi mesi, visto che esiste e persiste una crisi economica condizionata in primis dai copiosi tagli che lo stato centrale ha svolto nei confronti degli enti locali. D\u2019altronde l\u2019ha appena detto anche la corte dei conti. I comuni sono stati stritolati dalla pressione fiscale. Se a tutto questo si aggiunge la sempre alta percentuale di evasione delle tasse e non solo perch\u00e9 non si riesce a pagare, ma \u00e8 un dato di fatto che ci sono \u201cfurbetti\u201d cronici che approfittano della situazione. Dovremmo constatare se gli accertamenti ICI messi in evidenza a grandi lettere sull\u2019albo pretorio con un probabile incasso di quasi 100mila euro potr\u00e0 davvero tramutarsi in realt\u00e0. Tali fondi dovrebbero essere incassati dal vicino comune di Carinola per errori commessi su pagamenti della citata tassa. Lo stesso ente caleno \u00e8 in profonda\u00a0 difficolt\u00e0 e sar\u00e0 davvero difficile contare sull\u2019incasso in breve tempo di tale cifra, che comunque \u00e8 irrisoria rispetto a quanto realmente ci vuole per portare avanti tutta la baracca. L\u2019opposizione anche nel recente consiglio comunale che ha riguardato la questione rifiuti e tutto il piano finanziario ad esso collegato, ha incalzato la maggioranza evidenziando delle chiare incongruenze per le spese che l\u2019ente affronta rispetto ad alcuni servizi\u00a0 che non dovrebbero essere pagati. Resta alta la tensione tra i cittadini per il fatto che le aliquote irpef sono ancora sotto il tetto massimo. Insomma una vera e propria gatta da pelare per il sindaco e la sua maggioranza, che come se non bastasse non ha ancora ricevuto le tranche di danaro per le opere pubbliche che sono in cantiere, alcune delle quali sono gi\u00e0 iniziate, come ad esempio il serbatoio idrico a monte. Resta un vero mistero allo stato attuale che fine far\u00e0 il palazzetto dello sport, mentre non sembrano esserci\u00a0 ancora risvolti per iniziare i lavori presso gli istituti scolastici e la palestra. Solo dopo la pausa estiva, si potr\u00e0 dare un giudizio pi\u00f9 approfondito su tale argomentazione. La preoccupazione c\u2019\u00e8 ed \u00e8 evidente tra i genitori che vedono la lentezza burocratico-amministrativa e manca poco pi\u00f9 di un mese all\u2019inizio del nuovo anno scolastico. Intanto il 19 agosto ascolteremo cosa si dir\u00e0 sul bilancio e lo scontro come sempre sar\u00e0 infuocato. Non solo perch\u00e9 l\u2019estate \u00e8 torrida.<\/p>\n<p style=\"text-align:right;\"><strong>Lello Santoro<\/strong><\/p>\n","protected":false},"excerpt":{"rendered":"<p>3 Agosto 2015 &#8211; Falciano del Massico.\u00a0Il primo cittadino Giosu\u00e8 Santoro ha predisposto la convocazione del consiglio comunale<\/p>\n","protected":false},"author":2,"featured_media":267,"comment_status":"open","ping_status":"open","sticky":false,"template":"","format":"standard","meta":{"sfsi_plus_gutenberg_text_before_share":"","sfsi_plus_gutenberg_show_text_before_share":"","sfsi_plus_gutenberg_icon_type":"","sfsi_plus_gutenberg_icon_alignemt":"","sfsi_plus_gutenburg_max_per_row":"","footnotes":""},"categories":[37,9],"tags":[15,38,33,637,3845,536,84,3851,3847,3859,131,259,3853,3878,3854,195,503,100],"class_list":["post-36301","post","type-post","status-publish","format-standard","has-post-thumbnail","hentry","category-notizie-locali","category-politica","tag-15","tag-agosto","tag-amministrazione","tag-assessore","tag-assise","tag-bagarre","tag-comune","tag-consiglieri","tag-consigliocomunale","tag-dibattito","tag-falcianodelmassico","tag-ferragosto","tag-maggioranza","tag-notifica","tag-opposizione","tag-politica-2","tag-scontro","tag-sindaco"],"_links":{"self":[{"href":"https:\/\/www.thereportzone.it\/index.php?rest_route=\/wp\/v2\/posts\/36301"}],"collection":[{"href":"https:\/\/www.thereportzone.it\/index.php?rest_route=\/wp\/v2\/posts"}],"about":[{"href":"https:\/\/www.thereportzone.it\/index.php?rest_route=\/wp\/v2\/types\/post"}],"author":[{"embeddable":true,"href":"https:\/\/www.thereportzone.it\/index.php?rest_route=\/wp\/v2\/users\/2"}],"replies":[{"embeddable":true,"href":"https:\/\/www.thereportzone.it\/index.php?rest_route=%2Fwp%2Fv2%2Fcomments&post=36301"}],"version-history":[{"count":0,"href":"https:\/\/www.thereportzone.it\/index.php?rest_route=\/wp\/v2\/posts\/36301\/revisions"}],"wp:featuredmedia":[{"embeddable":true,"href":"https:\/\/www.thereportzone.it\/index.php?rest_route=\/"}],"wp:attachment":[{"href":"https:\/\/www.thereportzone.it\/index.php?rest_route=%2Fwp%2Fv2%2Fmedia&parent=36301"}],"wp:term":[{"taxonomy":"category","embeddable":true,"href":"https:\/\/www.thereportzone.it\/index.php?rest_route=%2Fwp%2Fv2%2Fcategories&post=36301"},{"taxonomy":"post_tag","embeddable":true,"href":"https:\/\/www.thereportzone.it\/index.php?rest_route=%2Fwp%2Fv2%2Ftags&post=36301"}],"curies":[{"name":"wp","href":"https:\/\/api.w.org\/{rel}","templated":true}]}}