{"id":35992,"date":"2022-05-07T16:50:36","date_gmt":"2022-05-07T14:50:36","guid":{"rendered":"https:\/\/www.thereportzone.it\/?p=35992"},"modified":"2022-05-07T16:50:36","modified_gmt":"2022-05-07T14:50:36","slug":"bolkestein-e-stabilimenti-balneari-a-baia-domizia-il-convegno-promosso-da-santillo-con-turco-e-il-viceministro-castelli","status":"publish","type":"post","link":"https:\/\/www.thereportzone.it\/?p=35992","title":{"rendered":"Bolkestein e Stabilimenti balneari, a Baia Domizia il convegno promosso da Santillo con Turco e il Viceministro Castelli"},"content":{"rendered":"<p>&nbsp;<br \/>\n&nbsp;<br \/>\n<a href=\"https:\/\/www.thereportzone.it\/wp-content\/uploads\/2022\/05\/SANTILLO-BAIA.jpg\"><img fetchpriority=\"high\" decoding=\"async\" class=\"aligncenter size-full wp-image-35993\" src=\"https:\/\/www.thereportzone.it\/wp-content\/uploads\/2022\/05\/SANTILLO-BAIA.jpg\" alt=\"\" width=\"1080\" height=\"1350\" \/><\/a><br \/>\n<strong>POLITICA<\/strong>. Caserta, sabato 7 maggio 2022. Il Senatore Agostino Santillo ha promosso un convegno, previsto per luned\u00ec 9 maggio alle 17, sulla direttiva europea Bolkestein e gli stabilimenti balneari.<br \/>\nAl convegno, che si svolger\u00e0 al Park Hotel di Baia Domizia, parteciper\u00e0 il Senatore Mario Turco, tra i maggiori esperti in materia del Movimento 5 Stelle, mentre in collegamento \u00e8 previsto l&#8217;intervento del Viceministro dell&#8217;Economia Laura Castelli. Al convegno parteciperanno, in rappresentanza delle proprie sigle sindacali, Marcello Giocondo (Presidente Sindacato Italiano Balneari), Vincenzo Santo (Presidente CNA Balneari) e Daniela Tarallo (Presidente Associazione Domizia Lido).<br \/>\n&#8220;La risorsa mare \u00e8 al centro del progetto politico del MoVimento 5 Stelle &#8211; ha dichiarato sui social il Senatore Agostino Santillo -. Con Mario Turco e Laura Castelli, luned\u00ec 9 maggio alle ore 17, saremo a Baia Domizia (CE) per confrontarci con il settore dei Balneari. Imprese, famiglie e lavoratori di questo settore hanno bisogno di stabilit\u00e0 normativa &#8211; ha concluso Santillo- e maggiori certezze per il futuro.&#8221;<\/p>\n","protected":false},"excerpt":{"rendered":"<p>&nbsp; &nbsp; POLITICA. Caserta, sabato 7 maggio 2022. Il Senatore Agostino Santillo ha promosso un convegno, previsto per<\/p>\n","protected":false},"author":2,"featured_media":35993,"comment_status":"closed","ping_status":"closed","sticky":false,"template":"","format":"standard","meta":{"sfsi_plus_gutenberg_text_before_share":"","sfsi_plus_gutenberg_show_text_before_share":"","sfsi_plus_gutenberg_icon_type":"","sfsi_plus_gutenberg_icon_alignemt":"","sfsi_plus_gutenburg_max_per_row":"","footnotes":""},"categories":[9],"tags":[],"class_list":["post-35992","post","type-post","status-publish","format-standard","has-post-thumbnail","hentry","category-politica"],"_links":{"self":[{"href":"https:\/\/www.thereportzone.it\/index.php?rest_route=\/wp\/v2\/posts\/35992"}],"collection":[{"href":"https:\/\/www.thereportzone.it\/index.php?rest_route=\/wp\/v2\/posts"}],"about":[{"href":"https:\/\/www.thereportzone.it\/index.php?rest_route=\/wp\/v2\/types\/post"}],"author":[{"embeddable":true,"href":"https:\/\/www.thereportzone.it\/index.php?rest_route=\/wp\/v2\/users\/2"}],"replies":[{"embeddable":true,"href":"https:\/\/www.thereportzone.it\/index.php?rest_route=%2Fwp%2Fv2%2Fcomments&post=35992"}],"version-history":[{"count":0,"href":"https:\/\/www.thereportzone.it\/index.php?rest_route=\/wp\/v2\/posts\/35992\/revisions"}],"wp:featuredmedia":[{"embeddable":true,"href":"https:\/\/www.thereportzone.it\/index.php?rest_route=\/"}],"wp:attachment":[{"href":"https:\/\/www.thereportzone.it\/index.php?rest_route=%2Fwp%2Fv2%2Fmedia&parent=35992"}],"wp:term":[{"taxonomy":"category","embeddable":true,"href":"https:\/\/www.thereportzone.it\/index.php?rest_route=%2Fwp%2Fv2%2Fcategories&post=35992"},{"taxonomy":"post_tag","embeddable":true,"href":"https:\/\/www.thereportzone.it\/index.php?rest_route=%2Fwp%2Fv2%2Ftags&post=35992"}],"curies":[{"name":"wp","href":"https:\/\/api.w.org\/{rel}","templated":true}]}}