{"id":35879,"date":"2022-04-28T14:41:24","date_gmt":"2022-04-28T12:41:24","guid":{"rendered":"https:\/\/www.thereportzone.it\/?p=35879"},"modified":"2022-04-28T14:41:24","modified_gmt":"2022-04-28T12:41:24","slug":"politica-oliviero-deposita-corona-alloro-su-lapide-delcogliano-e-iermano-in-via-marina","status":"publish","type":"post","link":"https:\/\/www.thereportzone.it\/?p=35879","title":{"rendered":"POLITICA &#8211; Oliviero deposita corona alloro su lapide Delcogliano e Iermano in via Marina"},"content":{"rendered":"<p>&nbsp;<br \/>\n&nbsp;<br \/>\n<strong>POLITICA<\/strong>. A 40 anni dall\u2019assassinio di Delcogliano e Iermano, cerimonia di commemorazione in via Marina. Il Presidente del Consiglio regionale, Gennaro Oliviero, e la sua vice, Loredana Raia, questa mattina hanno deposto una corona di alloro sulla lapide dell\u2019assessore regionale Raffaele Delcogliano ed il suo amico autista Aldo Iermano, posta in Via Marina, dove il 27 aprile del 1982 vennero assassinati. Una cerimonia alla presenza delle autorit\u00e0 civili e militari e della sorella dell\u2019assessore, l\u2019avvocato Ermina Delcogliano, e del figlio dell\u2019autista, Antonio Iermano. Un duplice assassinio da ascrivere ad un patto scellerato tra brigate rosse e criminalit\u00e0 organizzata, a seguito della \u201criforma del lavoro\u201d, condotta da Delcogliano, che aveva aperto una seria indagine giudiziaria sulle enormi cifre di denaro che ruotavano intorno a corsi di formazione fantasma.<br \/>\n\u201cL\u2019assessore Delcogliano entr\u00f2 nel mirino della criminalit\u00e0 organizzata perch\u00e9 era un uomo mosso da profondi valori di legalit\u00e0\u2013 ha dichiarato il Presidente del Consiglio regionale Oliviero \u2013 per tale motivo era doveroso commemorarlo. Con lui venne sacrificato anche Aldo Iermano, non solo il suo autista, ma il suo amico, che tent\u00f2 di tutto per salvarlo. Quel tragico delitto fu un colpo al cuore alla regione Campania ed il loro sacrificio non deve essere dimenticato. \u00c8 stato emozionante commemorare questi due grandi uomini insieme ai familiari che mantengono sempre viva la loro memoria. Un ringraziamento particolare va all\u2019associazione Libera che ha promosso una serie di iniziative in ricordo di questi due servitori dello Stato. Nel prossimo Consiglio regionale li ricorderemo con un minuto di silenzio\u201d<\/p>\n","protected":false},"excerpt":{"rendered":"<p>&nbsp; &nbsp; POLITICA. A 40 anni dall\u2019assassinio di Delcogliano e Iermano, cerimonia di commemorazione in via Marina. Il<\/p>\n","protected":false},"author":2,"featured_media":35880,"comment_status":"closed","ping_status":"closed","sticky":false,"template":"","format":"standard","meta":{"sfsi_plus_gutenberg_text_before_share":"","sfsi_plus_gutenberg_show_text_before_share":"","sfsi_plus_gutenberg_icon_type":"","sfsi_plus_gutenberg_icon_alignemt":"","sfsi_plus_gutenburg_max_per_row":"","footnotes":""},"categories":[9],"tags":[],"class_list":["post-35879","post","type-post","status-publish","format-standard","has-post-thumbnail","hentry","category-politica"],"_links":{"self":[{"href":"https:\/\/www.thereportzone.it\/index.php?rest_route=\/wp\/v2\/posts\/35879"}],"collection":[{"href":"https:\/\/www.thereportzone.it\/index.php?rest_route=\/wp\/v2\/posts"}],"about":[{"href":"https:\/\/www.thereportzone.it\/index.php?rest_route=\/wp\/v2\/types\/post"}],"author":[{"embeddable":true,"href":"https:\/\/www.thereportzone.it\/index.php?rest_route=\/wp\/v2\/users\/2"}],"replies":[{"embeddable":true,"href":"https:\/\/www.thereportzone.it\/index.php?rest_route=%2Fwp%2Fv2%2Fcomments&post=35879"}],"version-history":[{"count":0,"href":"https:\/\/www.thereportzone.it\/index.php?rest_route=\/wp\/v2\/posts\/35879\/revisions"}],"wp:featuredmedia":[{"embeddable":true,"href":"https:\/\/www.thereportzone.it\/index.php?rest_route=\/"}],"wp:attachment":[{"href":"https:\/\/www.thereportzone.it\/index.php?rest_route=%2Fwp%2Fv2%2Fmedia&parent=35879"}],"wp:term":[{"taxonomy":"category","embeddable":true,"href":"https:\/\/www.thereportzone.it\/index.php?rest_route=%2Fwp%2Fv2%2Fcategories&post=35879"},{"taxonomy":"post_tag","embeddable":true,"href":"https:\/\/www.thereportzone.it\/index.php?rest_route=%2Fwp%2Fv2%2Ftags&post=35879"}],"curies":[{"name":"wp","href":"https:\/\/api.w.org\/{rel}","templated":true}]}}