{"id":35722,"date":"2022-04-12T19:51:53","date_gmt":"2022-04-12T17:51:53","guid":{"rendered":"https:\/\/www.thereportzone.it\/?p=35722"},"modified":"2022-04-12T19:51:53","modified_gmt":"2022-04-12T17:51:53","slug":"sessa-aurunca-mistero-sulle-teste-rubate-delle-statue-in-villa-san-giovanni-sasso-pronto-a-rivelare-i-fatti","status":"publish","type":"post","link":"https:\/\/www.thereportzone.it\/?p=35722","title":{"rendered":"SESSA AURUNCA &#8211; Mistero sulle teste rubate delle statue in Villa San Giovanni. Sasso pronto a rivelare i fatti"},"content":{"rendered":"<p>&nbsp;<br \/>\n<strong>SESSA AURUNCA<\/strong>. In queste ore si \u00e8 aperto a Sessa Aurunca un dibattito estremamente interessante sul riposizionamento delle quattro statue nella villa comunale San Giovanni.<br \/>\nRicordiamo che tali statue subirono l&#8217;asportazione della testa da parte di ignoti vandali. Qualche anno fa durante l&#8217;amministrazione Tommasino si asportarono le statue in un deposito per ricostruire tali teste con una spesa intorno ai diecimila euro. Da quel momento \u00e8 passati quasi un decennio nulla si \u00e8 pi\u00f9 saputo delle statue, ma oggi a sorpresa sono state riinstallate presso la villa ma ancora senza testa.<br \/>\nLa domanda che si pongono i cittadini \u00e8 perch\u00e9 le teste non sono state pi\u00f9 ricostruite o se tale adempimento sar\u00e0 fatto nelle prossime ore Duro il commento dell&#8217;ex sindaco Silvio Sasso il quale \u00e8 pronto a pubblicare atti e foto che dimostrano un grave sperpero di denaro per la vicenda in questione.<br \/>\n<a href=\"https:\/\/www.thereportzone.it\/wp-content\/uploads\/2022\/04\/D62CA38E-99F3-4CC6-9C35-3ACE5689AFAE.jpeg\"><img fetchpriority=\"high\" decoding=\"async\" class=\"aligncenter size-full wp-image-35723\" src=\"https:\/\/www.thereportzone.it\/wp-content\/uploads\/2022\/04\/D62CA38E-99F3-4CC6-9C35-3ACE5689AFAE.jpeg\" alt=\"\" width=\"405\" height=\"900\" \/><\/a><\/p>\n","protected":false},"excerpt":{"rendered":"<p>&nbsp; SESSA AURUNCA. In queste ore si \u00e8 aperto a Sessa Aurunca un dibattito estremamente interessante sul riposizionamento<\/p>\n","protected":false},"author":2,"featured_media":35724,"comment_status":"closed","ping_status":"closed","sticky":false,"template":"","format":"standard","meta":{"sfsi_plus_gutenberg_text_before_share":"","sfsi_plus_gutenberg_show_text_before_share":"","sfsi_plus_gutenberg_icon_type":"","sfsi_plus_gutenberg_icon_alignemt":"","sfsi_plus_gutenburg_max_per_row":"","footnotes":""},"categories":[9],"tags":[],"class_list":["post-35722","post","type-post","status-publish","format-standard","has-post-thumbnail","hentry","category-politica"],"_links":{"self":[{"href":"https:\/\/www.thereportzone.it\/index.php?rest_route=\/wp\/v2\/posts\/35722"}],"collection":[{"href":"https:\/\/www.thereportzone.it\/index.php?rest_route=\/wp\/v2\/posts"}],"about":[{"href":"https:\/\/www.thereportzone.it\/index.php?rest_route=\/wp\/v2\/types\/post"}],"author":[{"embeddable":true,"href":"https:\/\/www.thereportzone.it\/index.php?rest_route=\/wp\/v2\/users\/2"}],"replies":[{"embeddable":true,"href":"https:\/\/www.thereportzone.it\/index.php?rest_route=%2Fwp%2Fv2%2Fcomments&post=35722"}],"version-history":[{"count":0,"href":"https:\/\/www.thereportzone.it\/index.php?rest_route=\/wp\/v2\/posts\/35722\/revisions"}],"wp:featuredmedia":[{"embeddable":true,"href":"https:\/\/www.thereportzone.it\/index.php?rest_route=\/"}],"wp:attachment":[{"href":"https:\/\/www.thereportzone.it\/index.php?rest_route=%2Fwp%2Fv2%2Fmedia&parent=35722"}],"wp:term":[{"taxonomy":"category","embeddable":true,"href":"https:\/\/www.thereportzone.it\/index.php?rest_route=%2Fwp%2Fv2%2Fcategories&post=35722"},{"taxonomy":"post_tag","embeddable":true,"href":"https:\/\/www.thereportzone.it\/index.php?rest_route=%2Fwp%2Fv2%2Ftags&post=35722"}],"curies":[{"name":"wp","href":"https:\/\/api.w.org\/{rel}","templated":true}]}}