{"id":35250,"date":"2022-03-16T10:17:48","date_gmt":"2022-03-16T09:17:48","guid":{"rendered":"https:\/\/www.thereportzone.it\/?p=35250"},"modified":"2022-03-16T10:17:48","modified_gmt":"2022-03-16T09:17:48","slug":"tutti-insieme-per-la-pace-giovedi-17-marzo-alle-ore-930-carinola-marcera-per-la-pace","status":"publish","type":"post","link":"https:\/\/www.thereportzone.it\/?p=35250","title":{"rendered":"Tutti insieme per la pace Gioved\u00ec 17 marzo alle ore 9:30, Carinola marcer\u00e0 per la pace"},"content":{"rendered":"<p>&nbsp;<br \/>\n<a href=\"https:\/\/www.thereportzone.it\/cronaca\/tutti-insieme-per-la-pace-giovedi-17-marzo-alle-ore-930-carinola-marcera-per-la-pace\/attachment\/carinola-evento-17-marzo\/\" rel=\"attachment wp-att-35251\"><img fetchpriority=\"high\" decoding=\"async\" class=\"aligncenter size-full wp-image-35251\" src=\"https:\/\/www.thereportzone.it\/wp-content\/uploads\/2022\/03\/carinola-evento-17-marzo.jpg\" alt=\"\" width=\"1120\" height=\"1600\" \/><\/a><br \/>\n<strong>CARINOLA<\/strong>. Tutti insieme per la pace Gioved\u00ec 17 marzo alle ore 9:30, Carinola marcer\u00e0 per la pace. Dopo l&#8217;escalation della guerra in Ucraina sono molte le iniziative organizzate per chiedere di fermare la guerra.<br \/>\nIl popolo carinolese si \u00e8 fatto trovare presente alla raccolta dei beni primari da inviare nel territorio ucraino, ad attenderlo ora \u00e8 la marcia per la pace. L&#8217;evento \u00e8 organizzato dall&#8217;Amministrazione Comunale in collaborazione con il Movimento Internazionale per la Pace e la Salvaguardia del Creato III Millennio, I.C Campo Falerno e le Associazioni del territorio.<br \/>\nQuest&#8217;ultimi invitano tutta la popolazione a partecipare alla marcia che sar\u00e0 un vero e proprio inno alla pace. Il ritrovo sar\u00e0 presso il polo scolastico di Carinola, non un posto qualsiasi bens\u00ec l\u00ec dove fu piantato l&#8217;albero della Pace dedicato ai 100 anni della Grande Guerra.<br \/>\nDopo la marcia ci sar\u00e0 un momento di confronto tra gli alunni, i dirigenti scolastici, membri dell&#8217;Amministrazione, il presidente del Movimento per la Pace e le Associazioni presenti, in cui ognuno porter\u00e0 un proprio pensiero sulla guerra in corso. In attesa di buone notizie dall&#8217;est Europa Carinola chiede a gran forza la pace.<\/p>\n","protected":false},"excerpt":{"rendered":"<p>&nbsp; CARINOLA. Tutti insieme per la pace Gioved\u00ec 17 marzo alle ore 9:30, Carinola marcer\u00e0 per la pace.<\/p>\n","protected":false},"author":2,"featured_media":35251,"comment_status":"closed","ping_status":"closed","sticky":false,"template":"","format":"standard","meta":{"sfsi_plus_gutenberg_text_before_share":"","sfsi_plus_gutenberg_show_text_before_share":"","sfsi_plus_gutenberg_icon_type":"","sfsi_plus_gutenberg_icon_alignemt":"","sfsi_plus_gutenburg_max_per_row":"","footnotes":""},"categories":[2973,8,10,9],"tags":[],"class_list":["post-35250","post","type-post","status-publish","format-standard","has-post-thumbnail","hentry","category-carinola","category-cronaca","category-cultura","category-politica"],"_links":{"self":[{"href":"https:\/\/www.thereportzone.it\/index.php?rest_route=\/wp\/v2\/posts\/35250"}],"collection":[{"href":"https:\/\/www.thereportzone.it\/index.php?rest_route=\/wp\/v2\/posts"}],"about":[{"href":"https:\/\/www.thereportzone.it\/index.php?rest_route=\/wp\/v2\/types\/post"}],"author":[{"embeddable":true,"href":"https:\/\/www.thereportzone.it\/index.php?rest_route=\/wp\/v2\/users\/2"}],"replies":[{"embeddable":true,"href":"https:\/\/www.thereportzone.it\/index.php?rest_route=%2Fwp%2Fv2%2Fcomments&post=35250"}],"version-history":[{"count":0,"href":"https:\/\/www.thereportzone.it\/index.php?rest_route=\/wp\/v2\/posts\/35250\/revisions"}],"wp:featuredmedia":[{"embeddable":true,"href":"https:\/\/www.thereportzone.it\/index.php?rest_route=\/"}],"wp:attachment":[{"href":"https:\/\/www.thereportzone.it\/index.php?rest_route=%2Fwp%2Fv2%2Fmedia&parent=35250"}],"wp:term":[{"taxonomy":"category","embeddable":true,"href":"https:\/\/www.thereportzone.it\/index.php?rest_route=%2Fwp%2Fv2%2Fcategories&post=35250"},{"taxonomy":"post_tag","embeddable":true,"href":"https:\/\/www.thereportzone.it\/index.php?rest_route=%2Fwp%2Fv2%2Ftags&post=35250"}],"curies":[{"name":"wp","href":"https:\/\/api.w.org\/{rel}","templated":true}]}}