{"id":35226,"date":"2022-03-12T07:44:17","date_gmt":"2022-03-12T06:44:17","guid":{"rendered":"https:\/\/www.thereportzone.it\/?p=35226"},"modified":"2022-03-12T07:44:17","modified_gmt":"2022-03-12T06:44:17","slug":"carinola-domani-levento-cantami-o-donna-dalle-origini-allimpegno-alle-conquiste-sociali-e-politiche-grande-attesa","status":"publish","type":"post","link":"https:\/\/www.thereportzone.it\/?p=35226","title":{"rendered":"CARINOLA &#8211; Domani l&#8217;evento &#8220;Cantami o donna dalle origini, all&#8217;impegno, alle conquiste sociali e politiche&#8221;: grande attesa"},"content":{"rendered":"<p>&nbsp;<br \/>\n&nbsp;<br \/>\n<a href=\"https:\/\/www.thereportzone.it\/cultura\/carinola-domani-levento-cantami-o-donna-dalle-origini-allimpegno-alle-conquiste-sociali-e-politiche-grande-attesa\/attachment\/cantami-o-donna\/\" rel=\"attachment wp-att-35227\"><img fetchpriority=\"high\" decoding=\"async\" class=\"aligncenter size-full wp-image-35227\" src=\"https:\/\/www.thereportzone.it\/wp-content\/uploads\/2022\/03\/cantami-o-donna.jpg\" alt=\"\" width=\"1120\" height=\"1600\" \/><\/a><br \/>\n<strong>CARINOLA<\/strong>. Domenica 13 Marzo, dalle ore 16:00, ci sar\u00e0 l&#8217;evento &#8220;<strong><em>Cantami o donna dalle origini, all&#8217;impegno, alle conquiste sociali e politiche<\/em><\/strong>&#8221; presso Palazzo Novelli.<br \/>\nL&#8217;evento \u00e8 organizzato dal Comune di Carinola in collaborazione con l&#8217;associazione &#8220;<em>Carinola InCanto<\/em>&#8221; e &#8220;<em>Cif Carinola<\/em>&#8221; e sar\u00e0 una conversazione, o un salotto che dir si voglia, che ospiter\u00e0 personalit\u00e0 eterogenee provenienti dal mondo femminile (nella locandina i vari ospiti).<br \/>\nNon solo parole ma anche momenti musicali a cura di Carinola InCanto e dei balerini di Tango Argentino di TangArte, che allieteranno il pomeriggio carinolese. L&#8217;accesso \u00e8 libero a tutti con obbligo di green pass.<\/p>\n","protected":false},"excerpt":{"rendered":"<p>&nbsp; &nbsp; CARINOLA. Domenica 13 Marzo, dalle ore 16:00, ci sar\u00e0 l&#8217;evento &#8220;Cantami o donna dalle origini, all&#8217;impegno,<\/p>\n","protected":false},"author":2,"featured_media":35227,"comment_status":"closed","ping_status":"closed","sticky":false,"template":"","format":"standard","meta":{"sfsi_plus_gutenberg_text_before_share":"","sfsi_plus_gutenberg_show_text_before_share":"","sfsi_plus_gutenberg_icon_type":"","sfsi_plus_gutenberg_icon_alignemt":"","sfsi_plus_gutenburg_max_per_row":"","footnotes":""},"categories":[2973,10],"tags":[],"class_list":["post-35226","post","type-post","status-publish","format-standard","has-post-thumbnail","hentry","category-carinola","category-cultura"],"_links":{"self":[{"href":"https:\/\/www.thereportzone.it\/index.php?rest_route=\/wp\/v2\/posts\/35226"}],"collection":[{"href":"https:\/\/www.thereportzone.it\/index.php?rest_route=\/wp\/v2\/posts"}],"about":[{"href":"https:\/\/www.thereportzone.it\/index.php?rest_route=\/wp\/v2\/types\/post"}],"author":[{"embeddable":true,"href":"https:\/\/www.thereportzone.it\/index.php?rest_route=\/wp\/v2\/users\/2"}],"replies":[{"embeddable":true,"href":"https:\/\/www.thereportzone.it\/index.php?rest_route=%2Fwp%2Fv2%2Fcomments&post=35226"}],"version-history":[{"count":0,"href":"https:\/\/www.thereportzone.it\/index.php?rest_route=\/wp\/v2\/posts\/35226\/revisions"}],"wp:featuredmedia":[{"embeddable":true,"href":"https:\/\/www.thereportzone.it\/index.php?rest_route=\/"}],"wp:attachment":[{"href":"https:\/\/www.thereportzone.it\/index.php?rest_route=%2Fwp%2Fv2%2Fmedia&parent=35226"}],"wp:term":[{"taxonomy":"category","embeddable":true,"href":"https:\/\/www.thereportzone.it\/index.php?rest_route=%2Fwp%2Fv2%2Fcategories&post=35226"},{"taxonomy":"post_tag","embeddable":true,"href":"https:\/\/www.thereportzone.it\/index.php?rest_route=%2Fwp%2Fv2%2Ftags&post=35226"}],"curies":[{"name":"wp","href":"https:\/\/api.w.org\/{rel}","templated":true}]}}