{"id":35160,"date":"2022-03-09T15:30:51","date_gmt":"2022-03-09T14:30:51","guid":{"rendered":"https:\/\/www.thereportzone.it\/?p=35160"},"modified":"2022-03-09T15:30:51","modified_gmt":"2022-03-09T14:30:51","slug":"carinola-ecologia-al-via-progetto-puliamo-carinola-e-idea-isola-ecologica-tramite-pnrr","status":"publish","type":"post","link":"https:\/\/www.thereportzone.it\/?p=35160","title":{"rendered":"CARINOLA &#8211; Ecologia: al via progetto Puliamo Carinola e idea Isola Ecologica tramite PNRR"},"content":{"rendered":"<p>&nbsp;<br \/>\n<strong>CARINOLA<\/strong>. Una primavera ricca di iniziative e piena di lavori e progetti da svolgere quella che l&#8217;Amministrazione Comunale di Carinola, guidata dalla sindaca Giuseppina Di Biasio sta ideando per questi mesi di primavera in arrivo.<br \/>\nMentre, da un lato, il Comune si sta dedicando al progetto di una possibile Isola Ecologica, passando attraverso il sostegno dei fondi PNRR, dall&#8217;altro non si fanno attendere fatti concreti.<br \/>\nL&#8217;Assessore al ramo, Giuseppe D&#8217;Amaro, avendolo sentito telefonicamente ci fa sapere: &#8220;E&#8217; nostra intenzione, nel pi\u00f9 breve tempo possibile, organizzare attraverso un apposito programma al quale stiamo gi\u00e0 lavorando per renderlo\u00a0 il pi\u00f9 possibile organizzato e curato nei minimi particolari, una giornata per l\u2019ecologia che andr\u00e0 a coinvolgere Carinola e tutte le frazioni&#8221;.<br \/>\nUna grande iniziativa degna di nota, se si pensa anche alle maggiori possibilit\u00e0 in termini di smaltimento dei rifiuti (ad esempio) che una amministrazione pu\u00f2 avere rispetto a varie associazioni ogni qualvolta si registri una giornata di raccolta. &#8220;Abbiamo gi\u00e0 pensato ad un nome e ad una possibile data di inizio &#8211; continua l&#8217;Assesore D&#8217;Amaro-, la chiameremo PULIAMO CARINOLA e abbiamo pensato di organizzarla ogni domenica in una frazione diversa, a partire dal 27 marzo. Tuttavia, nei prossimi giorni, saranno erogate maggiori informazioni in merito&#8221;.<br \/>\n&nbsp;<\/p>\n","protected":false},"excerpt":{"rendered":"<p>&nbsp; CARINOLA. Una primavera ricca di iniziative e piena di lavori e progetti da svolgere quella che l&#8217;Amministrazione<\/p>\n","protected":false},"author":2,"featured_media":35161,"comment_status":"closed","ping_status":"closed","sticky":false,"template":"","format":"standard","meta":{"sfsi_plus_gutenberg_text_before_share":"","sfsi_plus_gutenberg_show_text_before_share":"","sfsi_plus_gutenberg_icon_type":"","sfsi_plus_gutenberg_icon_alignemt":"","sfsi_plus_gutenburg_max_per_row":"","footnotes":""},"categories":[2973,9],"tags":[],"class_list":["post-35160","post","type-post","status-publish","format-standard","has-post-thumbnail","hentry","category-carinola","category-politica"],"_links":{"self":[{"href":"https:\/\/www.thereportzone.it\/index.php?rest_route=\/wp\/v2\/posts\/35160"}],"collection":[{"href":"https:\/\/www.thereportzone.it\/index.php?rest_route=\/wp\/v2\/posts"}],"about":[{"href":"https:\/\/www.thereportzone.it\/index.php?rest_route=\/wp\/v2\/types\/post"}],"author":[{"embeddable":true,"href":"https:\/\/www.thereportzone.it\/index.php?rest_route=\/wp\/v2\/users\/2"}],"replies":[{"embeddable":true,"href":"https:\/\/www.thereportzone.it\/index.php?rest_route=%2Fwp%2Fv2%2Fcomments&post=35160"}],"version-history":[{"count":0,"href":"https:\/\/www.thereportzone.it\/index.php?rest_route=\/wp\/v2\/posts\/35160\/revisions"}],"wp:featuredmedia":[{"embeddable":true,"href":"https:\/\/www.thereportzone.it\/index.php?rest_route=\/"}],"wp:attachment":[{"href":"https:\/\/www.thereportzone.it\/index.php?rest_route=%2Fwp%2Fv2%2Fmedia&parent=35160"}],"wp:term":[{"taxonomy":"category","embeddable":true,"href":"https:\/\/www.thereportzone.it\/index.php?rest_route=%2Fwp%2Fv2%2Fcategories&post=35160"},{"taxonomy":"post_tag","embeddable":true,"href":"https:\/\/www.thereportzone.it\/index.php?rest_route=%2Fwp%2Fv2%2Ftags&post=35160"}],"curies":[{"name":"wp","href":"https:\/\/api.w.org\/{rel}","templated":true}]}}