{"id":35153,"date":"2022-03-09T15:09:28","date_gmt":"2022-03-09T14:09:28","guid":{"rendered":"https:\/\/www.thereportzone.it\/?p=35153"},"modified":"2022-03-09T15:09:28","modified_gmt":"2022-03-09T14:09:28","slug":"mondragone-azione-aderisce-alliniziativa-elettorale-dellon-zannini-e-del-patto-civico","status":"publish","type":"post","link":"https:\/\/www.thereportzone.it\/?p=35153","title":{"rendered":"MONDRAGONE &#8211; Azione aderisce all\u2019iniziativa elettorale dell\u2019On. Zannini e del Patto Civico"},"content":{"rendered":"<p>&nbsp;<br \/>\n&nbsp;<br \/>\n<a href=\"https:\/\/www.thereportzone.it\/politica\/mondragone-azione-aderisce-alliniziativa-elettorale-dellon-zannini-e-del-patto-civico\/attachment\/altopiedi\/\" rel=\"attachment wp-att-35154\"><img fetchpriority=\"high\" decoding=\"async\" class=\"aligncenter size-full wp-image-35154\" src=\"https:\/\/www.thereportzone.it\/wp-content\/uploads\/2022\/03\/ALTOPIEDI.jpg\" alt=\"\" width=\"1729\" height=\"797\" \/><\/a><br \/>\n<strong>MONDRAGONE<\/strong>. Azione ha riscontrato con favore l\u2019apertura che il Consigliere Regionale On. G. Zannini ha fatto ad altre forze civiche e politiche per ampliare la compagine che risult\u00f2 vincente alle Elezioni Comunali del 2017.<\/p>\n<div dir=\"auto\">Azione considera tale apertura in linea con la propria volont\u00e0, espressa gi\u00e0 alla Citt\u00e0, di contribuire ad un percorso di Innovazione Politica ed Amministrativa con metodi ed obiettivi chiari e pubblici: siamo una forza politica che si presenta per la prima volta alle Elezioni Comunali di Mondragone, possiamo contribuire a progettare il futuro, non abbiamo un passato di cui tenere conto e questo \u00e8 il ruolo che possiamo e vogliamo interpretare.<\/div>\n<div dir=\"auto\"><\/div>\n<div dir=\"auto\">A seguito di tali considerazioni, il Direttivo Elettorale di Azione ha avuto mandato dal Gruppo Territoriale degli iscritti di interloquire con l\u2019On. Zannini e con rappresentanti del Patto Civico per verificare le effettive volont\u00e0 politiche di avviare un percorso elettorale comune.<\/div>\n<div dir=\"auto\"><\/div>\n<div dir=\"auto\">Tali incontri hanno portato a delineare una possibile intesa che Azione, dopo discussione interna ha valutato positivamente e che qui si riporta:<\/div>\n<div dir=\"auto\">1. Azione aderisce all\u2019iniziativa elettorale dell\u2019On. Zannini e del Patto Civico<\/div>\n<div dir=\"auto\">2. Azione porta a tale iniziativa un contributo politico teso a realizzare alcuni obiettivi prioritari (forte revisione della organizzazione degli Uffici, valorizzazione del Consiglio Comunale, cambiamento della gestione del Bilancio, Qualit\u00e0 dell\u2019Ambiente e dei Servizi, coinvolgimento dei percettori RdC, concentrazione delle risorse su poche priorit\u00e0 chiare e condivise con la Citt\u00e0).<\/div>\n<div dir=\"auto\">3. Azione parteciper\u00e0 al tavolo di programma ed ai gruppi di lavoro che l\u2019on. Zannini indicher\u00e0 come i luoghi di confronto necessari per definire un maggiore livello di dettaglio, anche tecnico, senza il quale si rischia di produrre elenchi di aspirazioni e sogni e non programmi.<\/div>\n<div dir=\"auto\">4. Azione NON parteciper\u00e0 a incontri per l\u2019indicazione del Candidato Sindaco, in quanto, stante le condizioni in essere, ritiene che la responsabilit\u00e0 di tale scelta ricada sulla figura politica di maggiore peso quale l\u2019on. G. Zannini.<\/div>\n<div dir=\"auto\">5. Azione condurr\u00e0 una campagna elettorale con l\u2019obiettivo di convincere il maggior numero di concittadini a sostenere una proposta di qualit\u00e0, competenza e chiarezza, continuando a dire in pubblico le stesse cose che dice negli incontri politici: nessuna richiesta di posizioni di potere \u00e8 stata avanzata, n\u00e9 lo sar\u00e0. Conteremo per la forza che ci darete e la competenza che sapremo metterci. <strong><em>AZIONE IL DIRETTIVO CITTADINO MONDRAGONE 09\/03\/2022<\/em><\/strong><\/div>\n","protected":false},"excerpt":{"rendered":"<p>&nbsp; &nbsp; MONDRAGONE. Azione ha riscontrato con favore l\u2019apertura che il Consigliere Regionale On. G. Zannini ha fatto<\/p>\n","protected":false},"author":2,"featured_media":35155,"comment_status":"closed","ping_status":"closed","sticky":false,"template":"","format":"standard","meta":{"sfsi_plus_gutenberg_text_before_share":"","sfsi_plus_gutenberg_show_text_before_share":"","sfsi_plus_gutenberg_icon_type":"","sfsi_plus_gutenberg_icon_alignemt":"","sfsi_plus_gutenburg_max_per_row":"","footnotes":""},"categories":[5,9],"tags":[],"class_list":["post-35153","post","type-post","status-publish","format-standard","has-post-thumbnail","hentry","category-mondragone","category-politica"],"_links":{"self":[{"href":"https:\/\/www.thereportzone.it\/index.php?rest_route=\/wp\/v2\/posts\/35153"}],"collection":[{"href":"https:\/\/www.thereportzone.it\/index.php?rest_route=\/wp\/v2\/posts"}],"about":[{"href":"https:\/\/www.thereportzone.it\/index.php?rest_route=\/wp\/v2\/types\/post"}],"author":[{"embeddable":true,"href":"https:\/\/www.thereportzone.it\/index.php?rest_route=\/wp\/v2\/users\/2"}],"replies":[{"embeddable":true,"href":"https:\/\/www.thereportzone.it\/index.php?rest_route=%2Fwp%2Fv2%2Fcomments&post=35153"}],"version-history":[{"count":0,"href":"https:\/\/www.thereportzone.it\/index.php?rest_route=\/wp\/v2\/posts\/35153\/revisions"}],"wp:featuredmedia":[{"embeddable":true,"href":"https:\/\/www.thereportzone.it\/index.php?rest_route=\/"}],"wp:attachment":[{"href":"https:\/\/www.thereportzone.it\/index.php?rest_route=%2Fwp%2Fv2%2Fmedia&parent=35153"}],"wp:term":[{"taxonomy":"category","embeddable":true,"href":"https:\/\/www.thereportzone.it\/index.php?rest_route=%2Fwp%2Fv2%2Fcategories&post=35153"},{"taxonomy":"post_tag","embeddable":true,"href":"https:\/\/www.thereportzone.it\/index.php?rest_route=%2Fwp%2Fv2%2Ftags&post=35153"}],"curies":[{"name":"wp","href":"https:\/\/api.w.org\/{rel}","templated":true}]}}