{"id":35062,"date":"2022-03-04T17:36:44","date_gmt":"2022-03-04T16:36:44","guid":{"rendered":"https:\/\/www.thereportzone.it\/?p=35062"},"modified":"2022-03-04T17:36:44","modified_gmt":"2022-03-04T16:36:44","slug":"35062","status":"publish","type":"post","link":"https:\/\/www.thereportzone.it\/?p=35062","title":{"rendered":"AMMINISTRATIVE &#8211; Nasce &#8220;ViviAmo FALCIANO&#8221;: domenica incontro con i cittadini"},"content":{"rendered":"<p>&nbsp;<br \/>\n<strong>FALCIANO<\/strong>. La coalizione che alle prossime amministrative sar\u00e0 guidata a Ugo Zannini si unisce nel gruppo ViviAmo Falciano. Una lettera aperta ai cittadini \u00e8 stata diffusa, di seguito uno stralcio: &#8220;Nasce \u201cViviAmo FALCIANO\u201d. Un nuovo progetto politico e sociale che ha saputo unire chi &#8211; anche da posizioni diverse &#8211; ha a cuore il tuo sviluppo e la tua voglia di riscatto, cara Falciano. Un\u2019idea fatta di persone animate dalla comune voglia di immaginarti e lavorare sodo per trasformarti in un posto migliore dove \u00e8 forte l\u2019interesse comune, dove \u00e8 possibile migliorare la qualit\u00e0 di vita, dove si possono creare opportunit\u00e0 per tutti.<br \/>\nUn luogo dove sviluppare un senso profondo di comunit\u00e0 per riscoprirci uniti, per lottare contro le disuguaglianze, per dare una opportunit\u00e0 in pi\u00f9 ai tuoi giovani, per costruire un ponte verso il futuro per i tuoi bambini, per riqualificare il territorio e per valorizzare le tue tante eccellenze.<br \/>\nDomenica 6 Marzo dalle ore 11.00 inizia la fase pubblica di questa iniziativa, la pi\u00f9 bella! Saremo presenti in Via Crocelle nei pressi dell\u2019Associazione \u201cRadici\u201d, per incontrare amiche e amici con cui confrontarci per condividere idee e riflessioni utili per sviluppare insieme il programma elettorale di \u201cViviAmo FALCIANO\u201d.<\/p>\n","protected":false},"excerpt":{"rendered":"<p>&nbsp; FALCIANO. La coalizione che alle prossime amministrative sar\u00e0 guidata a Ugo Zannini si unisce nel gruppo ViviAmo<\/p>\n","protected":false},"author":2,"featured_media":35064,"comment_status":"closed","ping_status":"closed","sticky":false,"template":"","format":"standard","meta":{"sfsi_plus_gutenberg_text_before_share":"","sfsi_plus_gutenberg_show_text_before_share":"","sfsi_plus_gutenberg_icon_type":"","sfsi_plus_gutenberg_icon_alignemt":"","sfsi_plus_gutenburg_max_per_row":"","footnotes":""},"categories":[4,9],"tags":[],"class_list":["post-35062","post","type-post","status-publish","format-standard","has-post-thumbnail","hentry","category-falciano","category-politica"],"_links":{"self":[{"href":"https:\/\/www.thereportzone.it\/index.php?rest_route=\/wp\/v2\/posts\/35062"}],"collection":[{"href":"https:\/\/www.thereportzone.it\/index.php?rest_route=\/wp\/v2\/posts"}],"about":[{"href":"https:\/\/www.thereportzone.it\/index.php?rest_route=\/wp\/v2\/types\/post"}],"author":[{"embeddable":true,"href":"https:\/\/www.thereportzone.it\/index.php?rest_route=\/wp\/v2\/users\/2"}],"replies":[{"embeddable":true,"href":"https:\/\/www.thereportzone.it\/index.php?rest_route=%2Fwp%2Fv2%2Fcomments&post=35062"}],"version-history":[{"count":0,"href":"https:\/\/www.thereportzone.it\/index.php?rest_route=\/wp\/v2\/posts\/35062\/revisions"}],"wp:featuredmedia":[{"embeddable":true,"href":"https:\/\/www.thereportzone.it\/index.php?rest_route=\/"}],"wp:attachment":[{"href":"https:\/\/www.thereportzone.it\/index.php?rest_route=%2Fwp%2Fv2%2Fmedia&parent=35062"}],"wp:term":[{"taxonomy":"category","embeddable":true,"href":"https:\/\/www.thereportzone.it\/index.php?rest_route=%2Fwp%2Fv2%2Fcategories&post=35062"},{"taxonomy":"post_tag","embeddable":true,"href":"https:\/\/www.thereportzone.it\/index.php?rest_route=%2Fwp%2Fv2%2Ftags&post=35062"}],"curies":[{"name":"wp","href":"https:\/\/api.w.org\/{rel}","templated":true}]}}