{"id":35041,"date":"2022-03-03T13:30:54","date_gmt":"2022-03-03T12:30:54","guid":{"rendered":"https:\/\/www.thereportzone.it\/?p=35041"},"modified":"2022-03-03T13:30:54","modified_gmt":"2022-03-03T12:30:54","slug":"la-transizione-ecologica-per-la-citta-di-caserta-il-convegno-con-santillo-girotto-e-la-sottosegretaria-fontana","status":"publish","type":"post","link":"https:\/\/www.thereportzone.it\/?p=35041","title":{"rendered":"&#8220;La transizione ecologica per la Citt\u00e0 di Caserta&#8221;, il convegno con Santillo, Girotto e la Sottosegretaria Fontana"},"content":{"rendered":"<p>&nbsp;<br \/>\n<a href=\"https:\/\/www.thereportzone.it\/politica\/la-transizione-ecologica-per-la-citta-di-caserta-il-convegno-con-santillo-girotto-e-la-sottosegretaria-fontana\/attachment\/trans-eco\/\" rel=\"attachment wp-att-35042\"><img fetchpriority=\"high\" decoding=\"async\" class=\"aligncenter size-full wp-image-35042\" src=\"https:\/\/www.thereportzone.it\/wp-content\/uploads\/2022\/03\/TRANS-ECO.jpg\" alt=\"\" width=\"1080\" height=\"1345\" \/><\/a><br \/>\n<strong>POLITICA<\/strong>. Caserta, 2 marzo 2021. &#8220;La transizione ecologica per la Citt\u00e0 di Caserta&#8221;. Si terr\u00e0 venerd\u00ec 4 marzo, alle ore 17, nella Sala Convegni del Complesso Monumentale Belvedere di San Leucio l&#8217;evento sulla Transizione ecologica del capoluogo, curato dall&#8217;Assessorato alla Transizione ecologica e promosso dall&#8217;Amministrazione comunale di Caserta.<br \/>\nAl convegno interverr\u00e0, per gli indirizzi di saluto, il sindaco di Caserta Carlo Marino. I lavori inizieranno con l&#8217;intervento di Massimiliano Fabbricino, Professore di Ingegneria Sanitaria Ambientale presso l&#8217;Universit\u00e0 degli Studi Federico II di Napoli, seguito da Furio Cascetta, Pro Rettore funzionale alla Green Energy e Sostenibilit\u00e0 Ambientale dell&#8217;Universit\u00e0 degli Studi della Campania Luigi Vanvitelli.<br \/>\nA seguire, ci sar\u00e0 l&#8217;intervento dell&#8217;Assessore alla Transizione Ecologica di Caserta Carmela Mucherino. Chiuderanno i lavori il Presidente della Commissione Industria Commercio e Turismo Gianni Girotto e il Sottosegretario di Stato al Ministero della Transizione Ecologica Ilaria Fontana. Il convegno verr\u00e0 introdotto e moderato dal Senatore Agostino Santillo, Coordinatore del Comitato per le Infrastrutture e la Mobilit\u00e0 sostenibile del Movimento 5 Stelle.<\/p>\n","protected":false},"excerpt":{"rendered":"<p>&nbsp; POLITICA. Caserta, 2 marzo 2021. &#8220;La transizione ecologica per la Citt\u00e0 di Caserta&#8221;. Si terr\u00e0 venerd\u00ec 4<\/p>\n","protected":false},"author":2,"featured_media":35042,"comment_status":"closed","ping_status":"closed","sticky":false,"template":"","format":"standard","meta":{"sfsi_plus_gutenberg_text_before_share":"","sfsi_plus_gutenberg_show_text_before_share":"","sfsi_plus_gutenberg_icon_type":"","sfsi_plus_gutenberg_icon_alignemt":"","sfsi_plus_gutenburg_max_per_row":"","footnotes":""},"categories":[6,9],"tags":[],"class_list":["post-35041","post","type-post","status-publish","format-standard","has-post-thumbnail","hentry","category-caserta","category-politica"],"_links":{"self":[{"href":"https:\/\/www.thereportzone.it\/index.php?rest_route=\/wp\/v2\/posts\/35041"}],"collection":[{"href":"https:\/\/www.thereportzone.it\/index.php?rest_route=\/wp\/v2\/posts"}],"about":[{"href":"https:\/\/www.thereportzone.it\/index.php?rest_route=\/wp\/v2\/types\/post"}],"author":[{"embeddable":true,"href":"https:\/\/www.thereportzone.it\/index.php?rest_route=\/wp\/v2\/users\/2"}],"replies":[{"embeddable":true,"href":"https:\/\/www.thereportzone.it\/index.php?rest_route=%2Fwp%2Fv2%2Fcomments&post=35041"}],"version-history":[{"count":0,"href":"https:\/\/www.thereportzone.it\/index.php?rest_route=\/wp\/v2\/posts\/35041\/revisions"}],"wp:featuredmedia":[{"embeddable":true,"href":"https:\/\/www.thereportzone.it\/index.php?rest_route=\/"}],"wp:attachment":[{"href":"https:\/\/www.thereportzone.it\/index.php?rest_route=%2Fwp%2Fv2%2Fmedia&parent=35041"}],"wp:term":[{"taxonomy":"category","embeddable":true,"href":"https:\/\/www.thereportzone.it\/index.php?rest_route=%2Fwp%2Fv2%2Fcategories&post=35041"},{"taxonomy":"post_tag","embeddable":true,"href":"https:\/\/www.thereportzone.it\/index.php?rest_route=%2Fwp%2Fv2%2Ftags&post=35041"}],"curies":[{"name":"wp","href":"https:\/\/api.w.org\/{rel}","templated":true}]}}