{"id":34860,"date":"2022-02-17T09:50:13","date_gmt":"2022-02-17T08:50:13","guid":{"rendered":"https:\/\/www.thereportzone.it\/?p=34860"},"modified":"2022-02-17T09:50:13","modified_gmt":"2022-02-17T08:50:13","slug":"mondragone-pacifico-alla-sua-maggioranza-mettiamoci-tutti-al-servizio-della-nostra-citta","status":"publish","type":"post","link":"https:\/\/www.thereportzone.it\/?p=34860","title":{"rendered":"MONDRAGONE &#8211; Pacifico alla sua maggioranza: &#8220;Mettiamoci tutti al servizio della nostra citt\u00e0&#8221;"},"content":{"rendered":"<p>&nbsp;<br \/>\n<strong>MONDRAGONE<\/strong>. \u201cA conclusione del mandato ricevuto nel 2017, visto l\u2019avvicinarsi del prossimo appuntamento elettorale, desidero esprimere il mio ringraziamento per aver ricevuto da Voi tutti, in questi 5 anni, piena fiducia e sostegno nelle attivit\u00e0 politico \u2013 amministrative fin qui espletate.<br \/>\nNonostante le oggettive difficolt\u00e0 in cui abbiamo dovuto operare (difficolt\u00e0 dovute alla pandemia, alle ataviche problematiche finanziare dell\u2019ente, alla scarsezza delle risorse umane) siamo comunque riusciti a raggiungere obiettivi importantissimi grazie al contributo di voi tutti: abbiamo avviato un deciso percorso di risanamento finanziario; abbiamo ottenuto l\u2019assunzione di ben 30 unit\u00e0 (tra vigili urbani e personale amministrativo); abbiamo realizzato importantissimi obiettivi del programma condiviso con il patto civico e tra questi: la realizzazione della prima isola ecologica cittadina; la bonifica della cantarella; il completamento dei lavori di rifacimento fognario (grande Progetto bandiera Blu); abbiamo ottenuto un finanziamento di 8 milioni per nuove fogne cittadine; abbiamo affidato il servizio di raccolta dei RSU con gara pubblica superando il regime delle proroghe; abbiamo completato e messo in funzione la Caserma dei Vigili Urbani; abbiamo aperto e messo in esercizio il Palazzo Tarcagnota dove attualmente sono operative la biblioteca e la mediateca comunale; abbiamo trasferito le sale museali da via Genova a Palazzo Ducale; abbiamo completato e messo in funzione il Palazzetto dello Sport, sono in corso i lavori di rifacimento del Campo di Calcio comunale; \u00e8 prossima l\u2019apertura e la messa in funzione del Palazzo Ducale; abbiamo ripristinato il manto stradale di tantissime arterie cittadine (un vero fiore all\u2019occhiello la nostra Domitiana); sono in corso d\u2019opera ulteriori lavori di rifacimento e messa in sicurezza di strade cittadine; \u00e8 in corso di svolgimento l\u2019appalto per la realizzazione della pubblica illuminazione del\u00a0 tratto Domitiana \u2013 Le Vagnole \u2013 Fiumarella;\u00a0 abbiamo promosso e ci siamo confrontati con il mondo delle associazioni; abbiamo costituito il primo nucleo di Protezione Civile cittadino che unitamente alla Croce Rossa si \u00e8 reso protagonista di un impegno civico e sociale importantissimo durante la pandemia; abbiamo messo in atto un poderoso percorso di riordino delle concessioni demaniali e del patrimonio comunale; abbiamo dato nuovo slancio alle politiche sociali.<br \/>\nQuesto elenco \u00e8 solo una parte esemplificativa dei tantissimi obiettivi di mandato realizzati da questa amministrazione grazie al contributo di Voi tutti. Si pu\u00f2 sempre fare di pi\u00f9, ma umanamente credo che, date le sopra citate difficolt\u00e0 di contesto, meglio non si sarebbe potuto fare. Insieme, abbiamo gettato le basi di un modello di gestione onesto, trasparente, inteso a generare lo sviluppo della comunit\u00e0 e proiettare valori e potenzialit\u00e0 in una dimensione pi\u00f9 aperta, competitiva e attrattiva.<br \/>\nPer questo il lavoro svolto dalla maggioranza del Patto civico a servizio della nostra comunit\u00e0 non \u00e8 finito e deve ripartire con coraggio, passione e rinnovato slancio. Questo \u00e8 il mio augurio.<br \/>\nRipartiamo tutti assieme (con i diversi ruoli che riterremo di dover ricoprire) per affrontare una nuova sfida. Una ripartenza che significhi confronto sul territorio e con il territorio, con le sue articolazioni associative e con i protagonisti del suo comparto economico imprenditoriale, agricolo, turistico e terziario. \u00c8 questa una necessit\u00e0 vitale non solo per l\u2019aggiornamento del programma amministrativo del Patto civico ma anche per comprendere e raccogliere le mutate istanze della comunit\u00e0 che tanto ha sofferto in questi anni segnati da una emergenza sanitaria senza precedenti.<br \/>\nIn tale prospettiva, ritengo doveroso offrire il mio contributo al confronto tra il Patto civico e le altre forze che intendessero aderirvi rimettendo il mio mandato di primo cittadino nelle mani di tutti Voi che mi avete lealmente sostenuto in questi anni di duro ma anche entusiasmante lavoro.\u00a0 Va subito avviato un percorso di confronto sul territorio, per spiegare quanto \u00e8 stato fatto finora, per condividere la complessit\u00e0 dei problemi da affrontare e per promuovere una nuova governance, un nuovo programma di governo in continuit\u00e0 con quanto prodotto dall\u2019amministrazione uscente ed aggiornato, per quanto serve, a rispondere ai nuovi bisogni della comunit\u00e0. Dar\u00f2 comunque il mio fattivo contributo per il perseguimento di tale obiettivo. <strong>Mettiamoci tutti al servizio della nostra citt\u00e0\u201d.<\/strong>\u00a0 <strong>Il Sindaco <\/strong><strong>Virgilio Pacifico<\/strong><\/p>\n","protected":false},"excerpt":{"rendered":"<p>&nbsp; MONDRAGONE. \u201cA conclusione del mandato ricevuto nel 2017, visto l\u2019avvicinarsi del prossimo appuntamento elettorale, desidero esprimere il<\/p>\n","protected":false},"author":2,"featured_media":31964,"comment_status":"closed","ping_status":"closed","sticky":false,"template":"","format":"standard","meta":{"sfsi_plus_gutenberg_text_before_share":"","sfsi_plus_gutenberg_show_text_before_share":"","sfsi_plus_gutenberg_icon_type":"","sfsi_plus_gutenberg_icon_alignemt":"","sfsi_plus_gutenburg_max_per_row":"","footnotes":""},"categories":[5,9],"tags":[],"class_list":["post-34860","post","type-post","status-publish","format-standard","has-post-thumbnail","hentry","category-mondragone","category-politica"],"_links":{"self":[{"href":"https:\/\/www.thereportzone.it\/index.php?rest_route=\/wp\/v2\/posts\/34860"}],"collection":[{"href":"https:\/\/www.thereportzone.it\/index.php?rest_route=\/wp\/v2\/posts"}],"about":[{"href":"https:\/\/www.thereportzone.it\/index.php?rest_route=\/wp\/v2\/types\/post"}],"author":[{"embeddable":true,"href":"https:\/\/www.thereportzone.it\/index.php?rest_route=\/wp\/v2\/users\/2"}],"replies":[{"embeddable":true,"href":"https:\/\/www.thereportzone.it\/index.php?rest_route=%2Fwp%2Fv2%2Fcomments&post=34860"}],"version-history":[{"count":0,"href":"https:\/\/www.thereportzone.it\/index.php?rest_route=\/wp\/v2\/posts\/34860\/revisions"}],"wp:featuredmedia":[{"embeddable":true,"href":"https:\/\/www.thereportzone.it\/index.php?rest_route=\/"}],"wp:attachment":[{"href":"https:\/\/www.thereportzone.it\/index.php?rest_route=%2Fwp%2Fv2%2Fmedia&parent=34860"}],"wp:term":[{"taxonomy":"category","embeddable":true,"href":"https:\/\/www.thereportzone.it\/index.php?rest_route=%2Fwp%2Fv2%2Fcategories&post=34860"},{"taxonomy":"post_tag","embeddable":true,"href":"https:\/\/www.thereportzone.it\/index.php?rest_route=%2Fwp%2Fv2%2Ftags&post=34860"}],"curies":[{"name":"wp","href":"https:\/\/api.w.org\/{rel}","templated":true}]}}