{"id":34737,"date":"2022-02-11T16:01:44","date_gmt":"2022-02-11T15:01:44","guid":{"rendered":"https:\/\/www.thereportzone.it\/?p=34737"},"modified":"2022-02-11T16:01:44","modified_gmt":"2022-02-11T15:01:44","slug":"chiusura-della-logista-a-maddaloni-oliviero-e-marchiello-incontrano-i-sindacati-e-la-direzione-dellazienda","status":"publish","type":"post","link":"https:\/\/www.thereportzone.it\/?p=34737","title":{"rendered":"Chiusura della Logista a Maddaloni, Oliviero e Marchiello incontrano i sindacati e la direzione dell\u2019azienda"},"content":{"rendered":"<p>&nbsp;<br \/>\n<strong>POLITICA. Chiusura della Logista a Maddaloni, Oliviero e Marchiello incontrano i sindacati e la direzione dell\u2019azienda: \u201cincomprensibile tale decisione. Tra dieci giorni il piano industriale e le soluzioni sul tavolo\u201d.<\/strong><br \/>\nQuesta mattina, in consiglio regionale, si \u00e8 svolta una riunione organizzata dal Presidente del Consiglio, <strong>Gennaro Oliviero<\/strong>, per discutere la decisione dell\u2019azienda Logista di Maddaloni, che imballa e spedisce prodotti del tabacco per conto dei Monopoli di Stato, di chiudere l\u2019attivit\u00e0 nel prossimo mese di ottobre e rafforzare la sede di Anagni. Una decisione incomprensibile per sindacati e politica, visto che, l\u2019azienda non presenta alcuna crisi di mercato ma addirittura ha continui incrementi di utili.<br \/>\nAl tavolo erano presenti, i sindacati nazionali, territoriali ed RSA aziendali della Cgil, CISL USB e FLAI, l\u2019Assessore regionale al lavoro <strong>Antonio<\/strong> <strong>Marchiello<\/strong>, il Presidente della Commissione regionale lavoro <strong>Giovanni<\/strong> <strong>Mensorio<\/strong>, il sindaco di Maddaloni <strong>Andrea De Filippo<\/strong>, in modalit\u00e0 remoto il direttore dell\u2019Agenzia delle Dogane e Monopoli <strong>Marcello Minenna<\/strong>, il vicepresidente nazionale della Logista <strong>Federico Rella<\/strong>.<br \/>\nUna discussione accesa dove la propriet\u00e0 ha ribadito di essere in regime di mercato libero, pi\u00f9 volte smentita dai presenti che hanno sottolineato come l\u2019azienda operi in un mercato protetto dalla garanzia dei Monopoli di Stato. Perentorio \u00e8 stato l\u2019assessore Marchiello che ha evidenziato la volont\u00e0 da parte della regione Campania di trovare una soluzione utile, affinch\u00e9 la chiusura venga scongiurata: \u201c<em>Inutile parlare di mercato libero, quando c\u2019\u00e8 una responsabilit\u00e0 sociale. Sono qui per garantire il lavoro, entro luglio la vertenza deve essere chiusa\u201d<\/em>. Duro anche il sindaco De Filippo che ha dichiarato di non accettare il tono ultimativo dell\u2019azienda a non voler trovare una soluzione: \u201c<em>grandi colossi del mercato vengono ad investire nella nostra zona per le caratteristiche favorevoli dell\u2019area interporto Nola &#8211; Marcianise. Nella circostanza addirittura i capannoni dell\u2019azienda si trovano a soli 300 metri dallo scalo ferroviario, favorendo lo scambio ferro gomma di non poca importanza per i costi e la logistica, situazione non certo riscontrabile ad Anagni<\/em>\u201d<br \/>\nIl Presidente del Consiglio regionale Oliviero, al fine di favorire la soluzione, ha chiesto un aggiornamento del tavolo al prossimo 22 febbraio, chiedendo altres\u00ec, all\u2019azienda di ritirare la decisione gi\u00e0 assunta ritenuta incomprensibile: \u201c<em>siamo qui per trovare una soluzione adeguata, affinch\u00e9 non vengano persi posti di lavoro. Per fare questo, per\u00f2, l\u2019azienda deve togliere il colpo dalla canna della pistola e presentare un piano industriale adeguato alla tutela dei posti di lavoro.\u00a0 Non si pu\u00f2 aggravare ulteriormente la situazione in provincia di Caserta che gi\u00e0 soffre difficolt\u00e0 occupazionali. L\u2019assessore Marchiello si \u00e8 reso disponibile per un prosieguo di lavoro avviando tutte le strategie possibili per uscire dalla paradossale crisi. Il trasferimento delle attivit\u00e0 da Maddaloni ad Anagni \u00e8 oltremodo incomprensibile.\u00a0 La sede di Maddaloni fornisce tutto il sud Italia e uno spostamento di 150 chilometri verso nord, rappresenterebbe un costo aggiuntivo difficile da sostenere dai dipendenti e poco conveniente per l\u2019azienda. Per favorire la risoluzione della vertenza chieder\u00f2 un ulteriore istruttoria anche all\u2019Agenzia delle Dogane\u201d.<\/em><\/p>\n","protected":false},"excerpt":{"rendered":"<p>&nbsp; POLITICA. Chiusura della Logista a Maddaloni, Oliviero e Marchiello incontrano i sindacati e la direzione dell\u2019azienda: \u201cincomprensibile<\/p>\n","protected":false},"author":2,"featured_media":34738,"comment_status":"closed","ping_status":"closed","sticky":false,"template":"","format":"standard","meta":{"sfsi_plus_gutenberg_text_before_share":"","sfsi_plus_gutenberg_show_text_before_share":"","sfsi_plus_gutenberg_icon_type":"","sfsi_plus_gutenberg_icon_alignemt":"","sfsi_plus_gutenburg_max_per_row":"","footnotes":""},"categories":[9],"tags":[],"class_list":["post-34737","post","type-post","status-publish","format-standard","has-post-thumbnail","hentry","category-politica"],"_links":{"self":[{"href":"https:\/\/www.thereportzone.it\/index.php?rest_route=\/wp\/v2\/posts\/34737"}],"collection":[{"href":"https:\/\/www.thereportzone.it\/index.php?rest_route=\/wp\/v2\/posts"}],"about":[{"href":"https:\/\/www.thereportzone.it\/index.php?rest_route=\/wp\/v2\/types\/post"}],"author":[{"embeddable":true,"href":"https:\/\/www.thereportzone.it\/index.php?rest_route=\/wp\/v2\/users\/2"}],"replies":[{"embeddable":true,"href":"https:\/\/www.thereportzone.it\/index.php?rest_route=%2Fwp%2Fv2%2Fcomments&post=34737"}],"version-history":[{"count":0,"href":"https:\/\/www.thereportzone.it\/index.php?rest_route=\/wp\/v2\/posts\/34737\/revisions"}],"wp:featuredmedia":[{"embeddable":true,"href":"https:\/\/www.thereportzone.it\/index.php?rest_route=\/"}],"wp:attachment":[{"href":"https:\/\/www.thereportzone.it\/index.php?rest_route=%2Fwp%2Fv2%2Fmedia&parent=34737"}],"wp:term":[{"taxonomy":"category","embeddable":true,"href":"https:\/\/www.thereportzone.it\/index.php?rest_route=%2Fwp%2Fv2%2Fcategories&post=34737"},{"taxonomy":"post_tag","embeddable":true,"href":"https:\/\/www.thereportzone.it\/index.php?rest_route=%2Fwp%2Fv2%2Ftags&post=34737"}],"curies":[{"name":"wp","href":"https:\/\/api.w.org\/{rel}","templated":true}]}}