{"id":34705,"date":"2022-02-11T09:17:29","date_gmt":"2022-02-11T08:17:29","guid":{"rendered":"https:\/\/www.thereportzone.it\/?p=34705"},"modified":"2022-02-11T09:17:29","modified_gmt":"2022-02-11T08:17:29","slug":"san-giorgio-a-cremano-primo-open-day-vaccinale-pediatrico-nel-plesso-rodari","status":"publish","type":"post","link":"https:\/\/www.thereportzone.it\/?p=34705","title":{"rendered":"SAN GIORGIO A CREMANO &#8211; Primo Open Day vaccinale pediatrico nel Plesso Rodari."},"content":{"rendered":"<p>&nbsp;<br \/>\nSAN GIORGIO A CREMANO &#8211;\u00a0 Si svolger\u00e0 luned\u00ec 14 febbraio, il primo &#8220;Open Day Vaccinale Pediatrico&#8221;, presso il plesso Rodari (I.C. Massimo Troisi), in via Pini di Solimene, 31. L&#8217;iniziativa, che si svolger\u00e0 dalle ore 15.00 alle ore 19.00, \u00e8 realizzata grazie alla rete di coordinamento tra Amministrazione, Asl Na 3 Sud, in particolare l&#8217;UOC Sian (Coord. Attivit\u00e0 scolastiche\/covid) e Servizio unit\u00e0 mobili vaccinali e la dirigente scolastica dell&#8217;Istituto Comprensivo Troisi, Antonietta Maiello. Al primo open day vaccinale rivolto ai bambini \u00a0di et\u00e0 compresa fra i 5 e gli 11 anni, saranno presenti oltre al Sindaco Giorgio Zinno,\u00a0<b>l&#8217;assessore\u00a0<\/b>regionale all&#8217;Istruzione<b><i>\u00a0Lucia Fortini e il Dott. Antonio Coppola,\u00a0<\/i><\/b>coordinatore delle Unit\u00e0 mobili vaccinali dell&#8217;azienda sanitaria locale.<\/p>\n<p class=\"v1MsoNormal\">E&#8217; un&#8217; opportunit\u00e0\u00a0 in pi\u00f9 nell&#8217;ambito della pi\u00f9 ampia campagna vaccinale pediatrica del Distretto 54 che vede impegnati i pediatri di San Giorgio a Cremano ogni mercoled\u00ec pomeriggio e sabato mattina presso l&#8217;hub di via Mazzini e che fa registrare circa 115 somministrazioni per ogni turno.<\/p>\n<p class=\"v1MsoNormal\">L&#8217;Open Day \u00e8 rivolto ai bambini residenti nel Distretto 54, ovvero San Giorgio a Cremano e San Sebastiano al Vesuvio e la scelta del plesso Rodari nasce dal fatto che esso \u00e8 situato nella parte alta del territorio, mentre il centro vaccinale si trova a sud della citt\u00e0. Pertanto tutte quelle famiglie che non riescono a raggiungere facilmente l&#8217;hub in via Mazzini, avranno la possibilit\u00e0, straordinariamente per questa giornata, di usufruire della sede scolastica, dotata tra l&#8217;altro anche di ampio parcheggio. I numeri delle vaccinazioni pediatriche raccontano come tante famiglie sangiorgesi abbiano compreso che la strada del vaccino \u00e8 l&#8217;unica percorribile per uscire dall&#8217;emergenza pandemica e tornare definitivamente alla normalit\u00e0. I bambini, da parte loro, stanno dimostrando di avere grande coraggio ed \u00e8 per questo che anche questa volta, saranno consegnati loro attestati di coraggio e gadgets.<\/p>\n<p class=\"v1MsoNormal\">\n<p class=\"v1MsoNormal\">&#8220;<i>Ringrazio il Dott. Luigi Pecoraro e il Dott. Coppola per l&#8217;organizzazione dell&#8217;iniziativa nella nostra citt\u00e0<b>\u00a0&#8211; ha detto il Sindaco Giorgio Zinno.\u00a0<\/b>La scuola rappresenta per tutti i bambini un ambiente familiare ed \u00e8 per questo che anche la dose di richiamo, per tutti coloro che riceveranno il vaccino durante l&#8217;open day, sar\u00e0 nuovamente effettuata presso la scuola Rodari, il prossimo 7 marzo 2022, ovvero dopo 21 giorni dalla prima vaccinazione e sar\u00e0 comunque indicata sul documento consegnato ai genitori.&#8221; \u00a0\u00a0\u00a0\u00a0<\/i><\/p>\n","protected":false},"excerpt":{"rendered":"<p>&nbsp; SAN GIORGIO A CREMANO &#8211;\u00a0 Si svolger\u00e0 luned\u00ec 14 febbraio, il primo &#8220;Open Day Vaccinale Pediatrico&#8221;, presso<\/p>\n","protected":false},"author":2,"featured_media":34706,"comment_status":"closed","ping_status":"closed","sticky":false,"template":"","format":"standard","meta":{"sfsi_plus_gutenberg_text_before_share":"","sfsi_plus_gutenberg_show_text_before_share":"","sfsi_plus_gutenberg_icon_type":"","sfsi_plus_gutenberg_icon_alignemt":"","sfsi_plus_gutenburg_max_per_row":"","footnotes":""},"categories":[8],"tags":[],"class_list":["post-34705","post","type-post","status-publish","format-standard","has-post-thumbnail","hentry","category-cronaca"],"_links":{"self":[{"href":"https:\/\/www.thereportzone.it\/index.php?rest_route=\/wp\/v2\/posts\/34705"}],"collection":[{"href":"https:\/\/www.thereportzone.it\/index.php?rest_route=\/wp\/v2\/posts"}],"about":[{"href":"https:\/\/www.thereportzone.it\/index.php?rest_route=\/wp\/v2\/types\/post"}],"author":[{"embeddable":true,"href":"https:\/\/www.thereportzone.it\/index.php?rest_route=\/wp\/v2\/users\/2"}],"replies":[{"embeddable":true,"href":"https:\/\/www.thereportzone.it\/index.php?rest_route=%2Fwp%2Fv2%2Fcomments&post=34705"}],"version-history":[{"count":0,"href":"https:\/\/www.thereportzone.it\/index.php?rest_route=\/wp\/v2\/posts\/34705\/revisions"}],"wp:featuredmedia":[{"embeddable":true,"href":"https:\/\/www.thereportzone.it\/index.php?rest_route=\/"}],"wp:attachment":[{"href":"https:\/\/www.thereportzone.it\/index.php?rest_route=%2Fwp%2Fv2%2Fmedia&parent=34705"}],"wp:term":[{"taxonomy":"category","embeddable":true,"href":"https:\/\/www.thereportzone.it\/index.php?rest_route=%2Fwp%2Fv2%2Fcategories&post=34705"},{"taxonomy":"post_tag","embeddable":true,"href":"https:\/\/www.thereportzone.it\/index.php?rest_route=%2Fwp%2Fv2%2Ftags&post=34705"}],"curies":[{"name":"wp","href":"https:\/\/api.w.org\/{rel}","templated":true}]}}