{"id":34313,"date":"2022-01-12T10:30:03","date_gmt":"2022-01-12T09:30:03","guid":{"rendered":"https:\/\/www.thereportzone.it\/?p=34313"},"modified":"2022-01-12T10:30:03","modified_gmt":"2022-01-12T09:30:03","slug":"falciano-omicron-contagiati-e-guariti-analisi-della-curva-negli-ultimi-16-giorni","status":"publish","type":"post","link":"https:\/\/www.thereportzone.it\/?p=34313","title":{"rendered":"FALCIANO &#8211; Omicron, contagiati e guariti: analisi della curva negli ultimi 16 giorni"},"content":{"rendered":"<p>&nbsp;<br \/>\n<a href=\"https:\/\/www.thereportzone.it\/wp-content\/uploads\/2022\/01\/CURVA-CONTAGI-FALCIANO-DEL-MASSICO-OMICRON.png\"><img fetchpriority=\"high\" decoding=\"async\" class=\"aligncenter size-full wp-image-34314\" src=\"https:\/\/www.thereportzone.it\/wp-content\/uploads\/2022\/01\/CURVA-CONTAGI-FALCIANO-DEL-MASSICO-OMICRON.png\" alt=\"\" width=\"750\" height=\"464\" \/><\/a><br \/>\n<strong>FALCIANO<\/strong>. La situazione dei contagi dovuti alla cosiddetta &#8220;<em>Variante Omicron&#8221;<\/em> nel Comune di <em><strong>Falciano del Massico<\/strong><\/em> rispecchia, a grosse linee, la medesima situazione che si sta verificando al livello nazionale. Premesso che non \u00e8 nostra mansione scendere nei particolari riguardanti lo stato di salute effettivo di ogni singolo &#8220;<em>positivo<\/em>&#8220;, cerchiamo per\u00f2 di analizzare la curva dei contagi in un lasso di tempo che va dal giorno <strong><em>27 Dicembre<\/em><\/strong> fino al giorno <em><strong>11 Gennaio<\/strong><\/em>.<br \/>\nParliamo di un lasso di tempo di <em><strong>16 giorni<\/strong><\/em>, periodo in cui, a Falciano del Massico ma non solo, si \u00e8 verificata una clamorosa impennata. Partiamo col dire che i Comuni limitrofi, come Mondragone, Cellole, Carinola e Sessa Aurunca, stanno affrontando la stessa situazione e, dunque, anche in questi si rispecchia un andamento registrato anche su scala nazionale, e forse mondiale. A Falciano del Massico, il giorno 27 Dicembre 2021 si registrava un numero di appena 2 contagiati. Un dettaglio non irrisorio, in quanto quel numero rappresentava l&#8217;ennesima &#8220;<em>uscita<\/em>&#8221; da un incremento che aveva portato ad un picco di 30 positivi nel giorno del 5 Dicembre.<br \/>\nTornando al nostro periodo di riferimento, l&#8217;incremento dei contagi partito dal giorno 27 Dicembre in poi, ha rappresentato molto. Si \u00e8 giunti ad un numero di 128 positivi nel lasso di 16 giorni, con gli\u00a0 ultimi numeri aggiornati a ieri sera. Ogni cittadino si \u00e8 ritrovato a fare i conti con un nemico &#8220;<em>mutato<\/em>&#8221; per l&#8217;ennesima volta. Questo, per\u00f2, se da un lato ha portato ognuno di noi a rivivere una situazione con un numero elevato di contagiati, dall&#8217;altro ci ha indotto a capire che Omicron, forse, sebbene pi\u00f9 contagiosa, sembrerebbe essere pi\u00f9 &#8220;<em>controllata<\/em>&#8220;. Ci\u00f2 dipende dal numero sempre pi\u00f9 elevato di persone con almeno 2 dosi di vaccino, e molte gi\u00e0 con la dose &#8220;<em>booster<\/em>&#8220;, capaci di &#8220;<em>fronteggiare<\/em>&#8221; il virus in maniera totalmente differente rispetto a circa un anno fa. Questo elemento, risulta essere confermato dalla curva stessa, sempre nel nostro periodo di riferimento, in cui si affiancano dati paralleli: un elevato numero di contagi giornaliero contro un altrettanto nutrito numero di guariti.<br \/>\nIl sindaco di Falciano del Massico, Erasmo Fava, non indietreggia e continua, giornalmente, ad invitare tutti i cittadini ad utilizzare tutte le precauzioni possibili e disposte da decreti ed ordinanze. La stessa proiezione sull&#8217;andamento della curva utilizzata per Falciano del Massico, pu\u00f2 essere rapportata ai comuni di Cellole, Carinola, Mondragone e Sessa Aurunca. L&#8217;appello, ad ogni modo, resta sempre lo stesso: prudenza e vaccini.<\/p>\n","protected":false},"excerpt":{"rendered":"<p>&nbsp; FALCIANO. La situazione dei contagi dovuti alla cosiddetta &#8220;Variante Omicron&#8221; nel Comune di Falciano del Massico rispecchia,<\/p>\n","protected":false},"author":2,"featured_media":34314,"comment_status":"closed","ping_status":"closed","sticky":false,"template":"","format":"standard","meta":{"sfsi_plus_gutenberg_text_before_share":"","sfsi_plus_gutenberg_show_text_before_share":"","sfsi_plus_gutenberg_icon_type":"","sfsi_plus_gutenberg_icon_alignemt":"","sfsi_plus_gutenburg_max_per_row":"","footnotes":""},"categories":[8,4],"tags":[],"class_list":["post-34313","post","type-post","status-publish","format-standard","has-post-thumbnail","hentry","category-cronaca","category-falciano"],"_links":{"self":[{"href":"https:\/\/www.thereportzone.it\/index.php?rest_route=\/wp\/v2\/posts\/34313"}],"collection":[{"href":"https:\/\/www.thereportzone.it\/index.php?rest_route=\/wp\/v2\/posts"}],"about":[{"href":"https:\/\/www.thereportzone.it\/index.php?rest_route=\/wp\/v2\/types\/post"}],"author":[{"embeddable":true,"href":"https:\/\/www.thereportzone.it\/index.php?rest_route=\/wp\/v2\/users\/2"}],"replies":[{"embeddable":true,"href":"https:\/\/www.thereportzone.it\/index.php?rest_route=%2Fwp%2Fv2%2Fcomments&post=34313"}],"version-history":[{"count":0,"href":"https:\/\/www.thereportzone.it\/index.php?rest_route=\/wp\/v2\/posts\/34313\/revisions"}],"wp:featuredmedia":[{"embeddable":true,"href":"https:\/\/www.thereportzone.it\/index.php?rest_route=\/"}],"wp:attachment":[{"href":"https:\/\/www.thereportzone.it\/index.php?rest_route=%2Fwp%2Fv2%2Fmedia&parent=34313"}],"wp:term":[{"taxonomy":"category","embeddable":true,"href":"https:\/\/www.thereportzone.it\/index.php?rest_route=%2Fwp%2Fv2%2Fcategories&post=34313"},{"taxonomy":"post_tag","embeddable":true,"href":"https:\/\/www.thereportzone.it\/index.php?rest_route=%2Fwp%2Fv2%2Ftags&post=34313"}],"curies":[{"name":"wp","href":"https:\/\/api.w.org\/{rel}","templated":true}]}}