{"id":34297,"date":"2022-01-10T21:55:00","date_gmt":"2022-01-10T20:55:00","guid":{"rendered":"https:\/\/www.thereportzone.it\/?p=34297"},"modified":"2022-01-10T21:55:00","modified_gmt":"2022-01-10T20:55:00","slug":"caos-scuole-sessa-e-carinola-aprono-cellole-chiude-il-comitato-studentesco-in-sciopero-di-massa","status":"publish","type":"post","link":"https:\/\/www.thereportzone.it\/?p=34297","title":{"rendered":"Caos scuole, Sessa e Carinola aprono, Cellole chiude: il Comitato studentesco in sciopero di massa"},"content":{"rendered":"<p><b>POLITICA<\/b>. La decisione del TAR di accogliere il ricorso presentato dal Governo nei confronti dell\u2019ordinanza di De Luca, e diponendo dunque la\u00a0riapertura delle scuole, sta creando caos. Sessa Aurunca e Carinola riaprono, mentre Cellole chiude. Queste le parole del sindaco Di Leone: \u201cCELLOLE: DOMANI SCUOLE CHIUSE.<br \/>\nSono consapevole del peso di questa scelta, vista la sentenza del Tar nei confronti della Regione Campania, ma come ben sapete, non ho mai avuto paura di prendermi le mie responsabilit\u00e0.<br \/>\nIo non vedo l\u2019ora che i bambini e i ragazzi ritornino serenamente a Scuola, ma devono tornarci in sicurezza.\u00a0Oggi la possibilit\u00e0 di contagio \u00e8 altissima, ci sono tantissimi bambini positivi e la maggior parte del personale scolastico.\u00a0Nei prossimi giorni comunicher\u00f2 le modalit\u00e0 di screening, per fare il tampone in maniera gratuita, poi ritorneremo tra i banchi.<br \/>\nRestiamo uniti ed usciamo insieme da questa ondata\u201d.<br \/>\nA Sessa Aurunca e Carinola si \u00e8 deciso di restare sulla decisione del TAR. La sindaca Di Biasio si \u00e8 espressa consapevole che un sindaco non pu\u00f2 agire contro la decisione di un TAR. Queste le sue parole: \u201cSono stata per alcune ore combattuta nel decidere se chiudere o meno le scuole, d\u2019istinto ero sul punto di farlo, ma poi ho letto il provvedimento con cui il Tar ha annullato l\u2019Ordinanza di De Luca e mi sono resa conto che non potevo farlo. Chiudere le scuole sarebbe stato un atto illegittimo e un Sindaco non pu\u00f2 emettere un atto che sia contro la legge. Sono fermamente convinta che chiudere le scuole per qualche settimana era una scelta sofferta ma necessaria, per salvaguardare la salute di alunni e personale scolastico, ma la magistratura amministrativa ha deciso diversamente\u00a0Ho letto attentamente il provvedimento del Tar, in sintesi si afferma che le decisioni assunte dallo Stato centrale sono giuste e vanno rispettate. Lo Stato ha deciso che la scuola deve riaprire, e questa decisione deve essere rispettata da tutti, Presidenti di Regione e Sindaci Tutto ci\u00f2 ha per\u00f2 determinato l\u2019impossibilit\u00e0 di fare lo screening prima del rientro in classe, \u00e8 un grande peccato, come amministrazione avevamo organizzato un\u2019ottima campagna. \u00a0Naturalmente si \u00e8 deciso di farla comunque, la salute di studenti e personale deve essere necessariamente tutelata.\u00a0Lo screening che verr\u00e0 effettuato ci permetter\u00e0 comunque di monitorare la diffusione del virus e evitare focolai pericolosi La salute dei nostri bambini e ragazzi, cos\u00ec come la salute di tutto il personale scolastico sar\u00e0 sempre al centro di ogni scelta di questa Amministrazione Comunale.<br \/>\nA Sessa Aurunca, sebbene il sindaco Di Iorio si \u00e8 mostrato non del tutto in linea con la stessa decisione del TAR, ha disposto comunque il rispetto della decisione. A tal riguardo, il Comitato Studentesco, in rappresentanza di oltre 2000 studenti, ha dichiarato che domani sar\u00e0 disposto uno sciopero di massa, manifestato attraverso una assenza di massa dalle classi. Di seguito la nota ufficiale.<br \/>\n<a href=\"https:\/\/www.thereportzone.it\/wp-content\/uploads\/2022\/01\/30C00BAF-DD8D-42C7-8C44-5AB72A180DF6.jpeg\"><img fetchpriority=\"high\" decoding=\"async\" class=\"aligncenter size-full wp-image-34298\" src=\"https:\/\/www.thereportzone.it\/wp-content\/uploads\/2022\/01\/30C00BAF-DD8D-42C7-8C44-5AB72A180DF6.jpeg\" alt=\"\" width=\"1080\" height=\"1472\" \/><\/a><\/p>\n","protected":false},"excerpt":{"rendered":"<p>POLITICA. La decisione del TAR di accogliere il ricorso presentato dal Governo nei confronti dell\u2019ordinanza di De Luca,<\/p>\n","protected":false},"author":2,"featured_media":34299,"comment_status":"closed","ping_status":"closed","sticky":false,"template":"","format":"standard","meta":{"sfsi_plus_gutenberg_text_before_share":"","sfsi_plus_gutenberg_show_text_before_share":"","sfsi_plus_gutenberg_icon_type":"","sfsi_plus_gutenberg_icon_alignemt":"","sfsi_plus_gutenburg_max_per_row":"","footnotes":""},"categories":[9],"tags":[],"class_list":["post-34297","post","type-post","status-publish","format-standard","has-post-thumbnail","hentry","category-politica"],"_links":{"self":[{"href":"https:\/\/www.thereportzone.it\/index.php?rest_route=\/wp\/v2\/posts\/34297"}],"collection":[{"href":"https:\/\/www.thereportzone.it\/index.php?rest_route=\/wp\/v2\/posts"}],"about":[{"href":"https:\/\/www.thereportzone.it\/index.php?rest_route=\/wp\/v2\/types\/post"}],"author":[{"embeddable":true,"href":"https:\/\/www.thereportzone.it\/index.php?rest_route=\/wp\/v2\/users\/2"}],"replies":[{"embeddable":true,"href":"https:\/\/www.thereportzone.it\/index.php?rest_route=%2Fwp%2Fv2%2Fcomments&post=34297"}],"version-history":[{"count":0,"href":"https:\/\/www.thereportzone.it\/index.php?rest_route=\/wp\/v2\/posts\/34297\/revisions"}],"wp:featuredmedia":[{"embeddable":true,"href":"https:\/\/www.thereportzone.it\/index.php?rest_route=\/"}],"wp:attachment":[{"href":"https:\/\/www.thereportzone.it\/index.php?rest_route=%2Fwp%2Fv2%2Fmedia&parent=34297"}],"wp:term":[{"taxonomy":"category","embeddable":true,"href":"https:\/\/www.thereportzone.it\/index.php?rest_route=%2Fwp%2Fv2%2Fcategories&post=34297"},{"taxonomy":"post_tag","embeddable":true,"href":"https:\/\/www.thereportzone.it\/index.php?rest_route=%2Fwp%2Fv2%2Ftags&post=34297"}],"curies":[{"name":"wp","href":"https:\/\/api.w.org\/{rel}","templated":true}]}}