{"id":34255,"date":"2022-01-06T18:17:37","date_gmt":"2022-01-06T17:17:37","guid":{"rendered":"https:\/\/www.thereportzone.it\/?p=34255"},"modified":"2022-01-06T18:17:37","modified_gmt":"2022-01-06T17:17:37","slug":"mondragone-pacifico-covid-rientro-a-scuola-in-sicurezza-ecco-le-disposizioni","status":"publish","type":"post","link":"https:\/\/www.thereportzone.it\/?p=34255","title":{"rendered":"MONDRAGONE &#8211; Pacifico: \u201cCovid, rientro a scuola in sicurezza \u201c &#8211; ECCO LE DISPOSIZIONI"},"content":{"rendered":"<p>&nbsp;<br \/>\n<b>MONDRAGONE<\/b>. COVID &#8211; RIENTRO A SCUOLA IN SICUREZZA. \u00a0Il sindaco Virgilio Pacifico e l\u2019Amministrazione Comunale, date le disposizioni date dal Governo Centrale e sulla base dei dati correlati alla diffusione dei contagi, ha disposto quanto segue:<br \/>\n1. La riapertura delle scuole avverr\u00e0 regolarmente nel giorno 10 di Gennaio;<br \/>\n2. Per una maggiore sicurezza a tutti gli studenti saranno garantiti tamponi antigenici in forma totalmente gratuita;<br \/>\n3. Tutti i locali e le aule scolastiche saranno regolarmente sanificate.<br \/>\nIl sindaco Pacifico: \u201cTre punti fondamentali per ripartire in sicurezza dopo le festivit\u00e0 natalizie e garantire la massima tutela. La salute e la salvaguardia degli studenti, cos\u00ec come di tutti i cittadini, fra le nostre priorit\u00e0 assolute\u201d. <b>LEGGI LA NOTA STAMPA INTEGRALE QUI SOTTO\u00a0<\/b><br \/>\n<a href=\"https:\/\/www.thereportzone.it\/politica\/mondragone-pacifico-covid-rientro-a-scuola-in-sicurezza-ecco-le-disposizioni\/attachment\/a9aae2fe-43db-4f39-87b5-7beac6b3f213\/\" rel=\"attachment wp-att-34256\"><img fetchpriority=\"high\" decoding=\"async\" class=\"aligncenter size-full wp-image-34256\" src=\"https:\/\/www.thereportzone.it\/wp-content\/uploads\/2022\/01\/A9AAE2FE-43DB-4F39-87B5-7BEAC6B3F213.jpeg\" alt=\"\" width=\"1170\" height=\"1772\" \/><\/a><\/p>\n","protected":false},"excerpt":{"rendered":"<p>&nbsp; MONDRAGONE. COVID &#8211; RIENTRO A SCUOLA IN SICUREZZA. \u00a0Il sindaco Virgilio Pacifico e l\u2019Amministrazione Comunale, date le<\/p>\n","protected":false},"author":2,"featured_media":31964,"comment_status":"closed","ping_status":"closed","sticky":false,"template":"","format":"standard","meta":{"sfsi_plus_gutenberg_text_before_share":"","sfsi_plus_gutenberg_show_text_before_share":"","sfsi_plus_gutenberg_icon_type":"","sfsi_plus_gutenberg_icon_alignemt":"","sfsi_plus_gutenburg_max_per_row":"","footnotes":""},"categories":[5,9],"tags":[],"class_list":["post-34255","post","type-post","status-publish","format-standard","has-post-thumbnail","hentry","category-mondragone","category-politica"],"_links":{"self":[{"href":"https:\/\/www.thereportzone.it\/index.php?rest_route=\/wp\/v2\/posts\/34255"}],"collection":[{"href":"https:\/\/www.thereportzone.it\/index.php?rest_route=\/wp\/v2\/posts"}],"about":[{"href":"https:\/\/www.thereportzone.it\/index.php?rest_route=\/wp\/v2\/types\/post"}],"author":[{"embeddable":true,"href":"https:\/\/www.thereportzone.it\/index.php?rest_route=\/wp\/v2\/users\/2"}],"replies":[{"embeddable":true,"href":"https:\/\/www.thereportzone.it\/index.php?rest_route=%2Fwp%2Fv2%2Fcomments&post=34255"}],"version-history":[{"count":0,"href":"https:\/\/www.thereportzone.it\/index.php?rest_route=\/wp\/v2\/posts\/34255\/revisions"}],"wp:featuredmedia":[{"embeddable":true,"href":"https:\/\/www.thereportzone.it\/index.php?rest_route=\/"}],"wp:attachment":[{"href":"https:\/\/www.thereportzone.it\/index.php?rest_route=%2Fwp%2Fv2%2Fmedia&parent=34255"}],"wp:term":[{"taxonomy":"category","embeddable":true,"href":"https:\/\/www.thereportzone.it\/index.php?rest_route=%2Fwp%2Fv2%2Fcategories&post=34255"},{"taxonomy":"post_tag","embeddable":true,"href":"https:\/\/www.thereportzone.it\/index.php?rest_route=%2Fwp%2Fv2%2Ftags&post=34255"}],"curies":[{"name":"wp","href":"https:\/\/api.w.org\/{rel}","templated":true}]}}