{"id":34251,"date":"2022-01-06T08:58:36","date_gmt":"2022-01-06T07:58:36","guid":{"rendered":"https:\/\/www.thereportzone.it\/?p=34251"},"modified":"2022-01-06T08:58:36","modified_gmt":"2022-01-06T07:58:36","slug":"carinola-contrasto-al-covid-le-ultime-sul-comune-di-carinola-e-le-disposizioni-della-sindaca-giuseppina-di-biasio","status":"publish","type":"post","link":"https:\/\/www.thereportzone.it\/?p=34251","title":{"rendered":"CARINOLA &#8211; Contrasto al Covid: le ultime sul comune e le disposizioni della Sindaca Di Biasio"},"content":{"rendered":"<p>&nbsp;<br \/>\nCARINOLA &#8211; L\u2019amministrazione comunale guidata da Giuseppina Di Biasio ha messo in atto alcune misure per poter rendere noto il numero di cittadini che sono positivi al covid.<br \/>\nAl momento nell\u2019ultimo bollettino risultano essere 47 .Il sindaco ha messo in evidenza come \u201c <em>la polizia municipale \u00e8 attiva nel contattare tutti i concittadini positivi sul territorio comunale come da disposizione dell&#8217;Asl<\/em>\u201d . Questo quanto sottolineato dalla Di Biasio.<br \/>\nStabilite anche le regole per la raccolta rifiuti per le persone contagiate: il prelievo dei sacchetti \u00e8 previsto per il venerd\u00ec mattina e non sar\u00e0 necessario procedere alla differenziata ma si dovr\u00e0 porre la busta contenente l\u2019immondizia fuori la porta dell\u2019abitazione.<\/p>\n","protected":false},"excerpt":{"rendered":"<p>&nbsp; CARINOLA &#8211; L\u2019amministrazione comunale guidata da Giuseppina Di Biasio ha messo in atto alcune misure per poter<\/p>\n","protected":false},"author":2,"featured_media":32032,"comment_status":"closed","ping_status":"closed","sticky":false,"template":"","format":"standard","meta":{"sfsi_plus_gutenberg_text_before_share":"","sfsi_plus_gutenberg_show_text_before_share":"","sfsi_plus_gutenberg_icon_type":"","sfsi_plus_gutenberg_icon_alignemt":"","sfsi_plus_gutenburg_max_per_row":"","footnotes":""},"categories":[2973,8],"tags":[],"class_list":["post-34251","post","type-post","status-publish","format-standard","has-post-thumbnail","hentry","category-carinola","category-cronaca"],"_links":{"self":[{"href":"https:\/\/www.thereportzone.it\/index.php?rest_route=\/wp\/v2\/posts\/34251"}],"collection":[{"href":"https:\/\/www.thereportzone.it\/index.php?rest_route=\/wp\/v2\/posts"}],"about":[{"href":"https:\/\/www.thereportzone.it\/index.php?rest_route=\/wp\/v2\/types\/post"}],"author":[{"embeddable":true,"href":"https:\/\/www.thereportzone.it\/index.php?rest_route=\/wp\/v2\/users\/2"}],"replies":[{"embeddable":true,"href":"https:\/\/www.thereportzone.it\/index.php?rest_route=%2Fwp%2Fv2%2Fcomments&post=34251"}],"version-history":[{"count":0,"href":"https:\/\/www.thereportzone.it\/index.php?rest_route=\/wp\/v2\/posts\/34251\/revisions"}],"wp:featuredmedia":[{"embeddable":true,"href":"https:\/\/www.thereportzone.it\/index.php?rest_route=\/"}],"wp:attachment":[{"href":"https:\/\/www.thereportzone.it\/index.php?rest_route=%2Fwp%2Fv2%2Fmedia&parent=34251"}],"wp:term":[{"taxonomy":"category","embeddable":true,"href":"https:\/\/www.thereportzone.it\/index.php?rest_route=%2Fwp%2Fv2%2Fcategories&post=34251"},{"taxonomy":"post_tag","embeddable":true,"href":"https:\/\/www.thereportzone.it\/index.php?rest_route=%2Fwp%2Fv2%2Ftags&post=34251"}],"curies":[{"name":"wp","href":"https:\/\/api.w.org\/{rel}","templated":true}]}}