{"id":34118,"date":"2021-12-28T09:21:04","date_gmt":"2021-12-28T08:21:04","guid":{"rendered":"https:\/\/www.thereportzone.it\/?p=34118"},"modified":"2021-12-28T09:21:04","modified_gmt":"2021-12-28T08:21:04","slug":"carinola-strada-provinciale-falciano-casanova-notizie-positive-annunciate-dallamministrazione-comunale","status":"publish","type":"post","link":"https:\/\/www.thereportzone.it\/?p=34118","title":{"rendered":"CARINOLA &#8211; Strada provinciale Falciano &#8211; Casanova: notizie positive annunciate dall&#8217;amministrazione comunale"},"content":{"rendered":"<p>&nbsp;<br \/>\nCARINOLA &#8211; L&#8217;amministrazione guidata da Giuseppina Di Biasio ha reso noto che entro pochi giorni sar\u00e0 possibile riaprire una parte della carreggiata sulla provinciale Falciano &#8211; Casanova. L&#8217;annuncio \u00e8 stato pubblicato sul profilo social della fascia tricolore. E&#8217; noto che tale tratto di strada \u00e8 chiuso da oltre un mese a causa del crollo del sottosuolo dopo alcuni lavori effettuati sul posto. Essendo tale arteria di competenza provinciale l&#8217;esecutivo locale ha fatto sapere di avere le mani legate in merito alla possibilit\u00e0 di effettuare i lavori. Inoltre l&#8217;intervento degli organi di competenza dei beni culturali (vista la possibile presenza di un acquedotto romano nel sottosuolo) ha rallentato tutto l&#8217;iter. Novit\u00e0 si attendono in settimana. Aggiorneremo i lettori su tale vicenda.<br \/>\nIntanto il lavoro della maggioranza prosegue anche su altri fronti. Avevamo annunciato la celebrazione del consiglio comunale. Il civico consesso si \u00e8 svolto come da programma con l&#8217;approvazione di punti all&#8217;ordine del giorno. In primis i verbali della precedente seduta, a seguire la comunicazione del prelievo dal fondo di riserva e in ultimo l&#8217;adesione dell&#8217;ente locale al piano di gestione dell&#8217;assestamento forestale valido per i prossimi dieci anni.<br \/>\n&nbsp;<br \/>\n&nbsp;<\/p>\n","protected":false},"excerpt":{"rendered":"<p>&nbsp; CARINOLA &#8211; L&#8217;amministrazione guidata da Giuseppina Di Biasio ha reso noto che entro pochi giorni sar\u00e0 possibile<\/p>\n","protected":false},"author":2,"featured_media":32032,"comment_status":"closed","ping_status":"closed","sticky":false,"template":"","format":"standard","meta":{"sfsi_plus_gutenberg_text_before_share":"","sfsi_plus_gutenberg_show_text_before_share":"","sfsi_plus_gutenberg_icon_type":"","sfsi_plus_gutenberg_icon_alignemt":"","sfsi_plus_gutenburg_max_per_row":"","footnotes":""},"categories":[2973,9],"tags":[],"class_list":["post-34118","post","type-post","status-publish","format-standard","has-post-thumbnail","hentry","category-carinola","category-politica"],"_links":{"self":[{"href":"https:\/\/www.thereportzone.it\/index.php?rest_route=\/wp\/v2\/posts\/34118"}],"collection":[{"href":"https:\/\/www.thereportzone.it\/index.php?rest_route=\/wp\/v2\/posts"}],"about":[{"href":"https:\/\/www.thereportzone.it\/index.php?rest_route=\/wp\/v2\/types\/post"}],"author":[{"embeddable":true,"href":"https:\/\/www.thereportzone.it\/index.php?rest_route=\/wp\/v2\/users\/2"}],"replies":[{"embeddable":true,"href":"https:\/\/www.thereportzone.it\/index.php?rest_route=%2Fwp%2Fv2%2Fcomments&post=34118"}],"version-history":[{"count":0,"href":"https:\/\/www.thereportzone.it\/index.php?rest_route=\/wp\/v2\/posts\/34118\/revisions"}],"wp:featuredmedia":[{"embeddable":true,"href":"https:\/\/www.thereportzone.it\/index.php?rest_route=\/"}],"wp:attachment":[{"href":"https:\/\/www.thereportzone.it\/index.php?rest_route=%2Fwp%2Fv2%2Fmedia&parent=34118"}],"wp:term":[{"taxonomy":"category","embeddable":true,"href":"https:\/\/www.thereportzone.it\/index.php?rest_route=%2Fwp%2Fv2%2Fcategories&post=34118"},{"taxonomy":"post_tag","embeddable":true,"href":"https:\/\/www.thereportzone.it\/index.php?rest_route=%2Fwp%2Fv2%2Ftags&post=34118"}],"curies":[{"name":"wp","href":"https:\/\/api.w.org\/{rel}","templated":true}]}}