{"id":34029,"date":"2021-12-19T20:56:07","date_gmt":"2021-12-19T19:56:07","guid":{"rendered":"https:\/\/www.thereportzone.it\/?p=34029"},"modified":"2021-12-19T20:56:07","modified_gmt":"2021-12-19T19:56:07","slug":"maria-stolfo-di-falciano-fra-i-4-invisibili-ricevuti-da-papa-francesco","status":"publish","type":"post","link":"https:\/\/www.thereportzone.it\/?p=34029","title":{"rendered":"Maria Stolfo di Falciano fra i 4 \u201cinvisibili\u201d ricevuti da Papa Francesco"},"content":{"rendered":"<p><b>FALCIANO<\/b>. Papa Francesco incontra gli \u201cinvisibili\u201d, un incontro fortemente voluto dal Pontefice in vista delle festivit\u00e0 natalizie. Un momento di profondo significato e che d\u00e0 l\u2019idea di ci\u00f2 che dovrebbe essere il Natale inteso nel suo senso profondo.<br \/>\nFra le quattro persone che il Pap\u00e0 incontrer\u00e0 ci sar\u00e0 anche una donna di Falciano del Massico. Si tratta di Maria Stolfo, \u201cuna senzatetto &#8211; si legge su Vatican News- che ha vissuto anni per strada prima di essere accolta a Palazzo Migliori, centro di accoglienza per le persone senza fissa dimora\u201d.<br \/>\nOltre alla signora Maria Stolfo ci saranno: \u201cGiovanna, una donna vittima di violenze domestiche, rimasta senza lavoro e senza casa durante la pandemia,\u00a0Pierdonato, un ergastolano in carcere da 25 anni che, grazie allo studio e alla preghiera, ha capito i propri errori. Maristella, una scout di 18 anni, in rappresentanza di tutti quei ragazzi che con il lockdown si sono sentiti abbandonati e hanno perso i contatti con amici e compagni di scuola.<br \/>\nSono queste le persone, che nonostante le difficolt\u00e0 non hanno perso la speranza, con le quali Francesco dialoga nello speciale del TG5 \u201cFrancesco e gli Invisibili &#8211; Il Papa incontra gli ultimi\u201d in programma domenica 19 dicembre alle 20.40 e curato dal vaticanista Mediaset Fabio Marchese Ragona. A loro il Pontefice indica una strada per vivere questo Natale con gioia e speranza, esortando a volgere lo sguardo soprattutto verso tutti gli \u201cinvisibili\u201d\u201d.<\/p>\n","protected":false},"excerpt":{"rendered":"<p>FALCIANO. Papa Francesco incontra gli \u201cinvisibili\u201d, un incontro fortemente voluto dal Pontefice in vista delle festivit\u00e0 natalizie. Un<\/p>\n","protected":false},"author":2,"featured_media":34030,"comment_status":"closed","ping_status":"closed","sticky":false,"template":"","format":"standard","meta":{"sfsi_plus_gutenberg_text_before_share":"","sfsi_plus_gutenberg_show_text_before_share":"","sfsi_plus_gutenberg_icon_type":"","sfsi_plus_gutenberg_icon_alignemt":"","sfsi_plus_gutenburg_max_per_row":"","footnotes":""},"categories":[10,4],"tags":[],"class_list":["post-34029","post","type-post","status-publish","format-standard","has-post-thumbnail","hentry","category-cultura","category-falciano"],"_links":{"self":[{"href":"https:\/\/www.thereportzone.it\/index.php?rest_route=\/wp\/v2\/posts\/34029"}],"collection":[{"href":"https:\/\/www.thereportzone.it\/index.php?rest_route=\/wp\/v2\/posts"}],"about":[{"href":"https:\/\/www.thereportzone.it\/index.php?rest_route=\/wp\/v2\/types\/post"}],"author":[{"embeddable":true,"href":"https:\/\/www.thereportzone.it\/index.php?rest_route=\/wp\/v2\/users\/2"}],"replies":[{"embeddable":true,"href":"https:\/\/www.thereportzone.it\/index.php?rest_route=%2Fwp%2Fv2%2Fcomments&post=34029"}],"version-history":[{"count":0,"href":"https:\/\/www.thereportzone.it\/index.php?rest_route=\/wp\/v2\/posts\/34029\/revisions"}],"wp:featuredmedia":[{"embeddable":true,"href":"https:\/\/www.thereportzone.it\/index.php?rest_route=\/"}],"wp:attachment":[{"href":"https:\/\/www.thereportzone.it\/index.php?rest_route=%2Fwp%2Fv2%2Fmedia&parent=34029"}],"wp:term":[{"taxonomy":"category","embeddable":true,"href":"https:\/\/www.thereportzone.it\/index.php?rest_route=%2Fwp%2Fv2%2Fcategories&post=34029"},{"taxonomy":"post_tag","embeddable":true,"href":"https:\/\/www.thereportzone.it\/index.php?rest_route=%2Fwp%2Fv2%2Ftags&post=34029"}],"curies":[{"name":"wp","href":"https:\/\/api.w.org\/{rel}","templated":true}]}}