{"id":33835,"date":"2021-12-07T19:11:01","date_gmt":"2021-12-07T18:11:01","guid":{"rendered":"https:\/\/www.thereportzone.it\/?p=33835"},"modified":"2021-12-07T19:11:01","modified_gmt":"2021-12-07T18:11:01","slug":"il-natale-carinolese-date-ed-eventi","status":"publish","type":"post","link":"https:\/\/www.thereportzone.it\/?p=33835","title":{"rendered":"Il Natale carinolese: date ed eventi"},"content":{"rendered":"<p><b>CARINOLA<\/b>. Il Natale carinolese: date ed eventi.\u00a0La neo amministrazione del Comune di Carinola ha organizzato, in collaborazione con le associazioni locali, una serie di eventi in occasione delle festivit\u00e0 natalizie denominata \u201cAria di Natale\u201d.<br \/>\nCome \u00e8 possibile vedere nella locandina pubblicata, sar\u00e0 un vero e proprio tour nelle frazioni del Comune, si spazier\u00e0 dall\u2019intrattenimento dei pi\u00f9 piccoli ai concerti musicali per i pi\u00f9 grandi. Gli eventi inizieranno Sabato 11 Dicembre, a Carinola, con un omaggio a Matilde Serao, per terminare poi il 6 Gennaio nella frazione di Casale. Si legge dalla pagina ufficiale dell\u2019Amministrazione: \u201cUna serie di meravigliosi eventi che ravviveranno tutto il Comune di Carinola! Sar\u00e0 una bella occasione per ritrovarci e movimentare la vita della nostra comunit\u00e0 \u201c<br \/>\nIn un momento in cui, tra Covid e spopolamento, nei nostri territori si vedono sempre meno persone, quest\u2019iniziativa pu\u00f2 essere un ottimo incentivo a ripopolare le strade di ogni paese, per uscire in famiglia e far vivere la magia del Natale ai propri bambini.<br \/>\nIndubbiamente un grande plauso va fatto alle associazioni locali che, in un momento di difficolt\u00e0 come quello che viviamo, riescono a mostrare una forza ed un\u2019energia ineguagliabile. Il loro entusiasmo sar\u00e0 fondamentale anche nei mesi futuri per i progetti e le iniziative del Comune carinolese.<br \/>\nDopo anni anche a Carinola ci sar\u00e0 un pizzico di Natale in pi\u00f9: Christmas is coming.<br \/>\n<a href=\"https:\/\/www.thereportzone.it\/wp-content\/uploads\/2021\/12\/CD6012EC-8434-485E-BE21-BECD97AA48D8.jpeg\"><img fetchpriority=\"high\" decoding=\"async\" class=\"aligncenter size-full wp-image-33837\" src=\"https:\/\/www.thereportzone.it\/wp-content\/uploads\/2021\/12\/CD6012EC-8434-485E-BE21-BECD97AA48D8.jpeg\" alt=\"\" width=\"1280\" height=\"1600\" \/><\/a><\/p>\n","protected":false},"excerpt":{"rendered":"<p>CARINOLA. Il Natale carinolese: date ed eventi.\u00a0La neo amministrazione del Comune di Carinola ha organizzato, in collaborazione con<\/p>\n","protected":false},"author":2,"featured_media":21092,"comment_status":"closed","ping_status":"closed","sticky":false,"template":"","format":"standard","meta":{"sfsi_plus_gutenberg_text_before_share":"","sfsi_plus_gutenberg_show_text_before_share":"","sfsi_plus_gutenberg_icon_type":"","sfsi_plus_gutenberg_icon_alignemt":"","sfsi_plus_gutenburg_max_per_row":"","footnotes":""},"categories":[2973,10],"tags":[],"class_list":["post-33835","post","type-post","status-publish","format-standard","has-post-thumbnail","hentry","category-carinola","category-cultura"],"_links":{"self":[{"href":"https:\/\/www.thereportzone.it\/index.php?rest_route=\/wp\/v2\/posts\/33835"}],"collection":[{"href":"https:\/\/www.thereportzone.it\/index.php?rest_route=\/wp\/v2\/posts"}],"about":[{"href":"https:\/\/www.thereportzone.it\/index.php?rest_route=\/wp\/v2\/types\/post"}],"author":[{"embeddable":true,"href":"https:\/\/www.thereportzone.it\/index.php?rest_route=\/wp\/v2\/users\/2"}],"replies":[{"embeddable":true,"href":"https:\/\/www.thereportzone.it\/index.php?rest_route=%2Fwp%2Fv2%2Fcomments&post=33835"}],"version-history":[{"count":0,"href":"https:\/\/www.thereportzone.it\/index.php?rest_route=\/wp\/v2\/posts\/33835\/revisions"}],"wp:featuredmedia":[{"embeddable":true,"href":"https:\/\/www.thereportzone.it\/index.php?rest_route=\/"}],"wp:attachment":[{"href":"https:\/\/www.thereportzone.it\/index.php?rest_route=%2Fwp%2Fv2%2Fmedia&parent=33835"}],"wp:term":[{"taxonomy":"category","embeddable":true,"href":"https:\/\/www.thereportzone.it\/index.php?rest_route=%2Fwp%2Fv2%2Fcategories&post=33835"},{"taxonomy":"post_tag","embeddable":true,"href":"https:\/\/www.thereportzone.it\/index.php?rest_route=%2Fwp%2Fv2%2Ftags&post=33835"}],"curies":[{"name":"wp","href":"https:\/\/api.w.org\/{rel}","templated":true}]}}