{"id":33778,"date":"2021-12-04T10:35:59","date_gmt":"2021-12-04T09:35:59","guid":{"rendered":"https:\/\/www.thereportzone.it\/?p=33778"},"modified":"2021-12-04T10:35:59","modified_gmt":"2021-12-04T09:35:59","slug":"sessa-aurunca-lassessore-calenzo-il-rilancio-della-biblioteca-e-opera-nostra-non-di-verrengia","status":"publish","type":"post","link":"https:\/\/www.thereportzone.it\/?p=33778","title":{"rendered":"SESSA AURUNCA &#8211; L&#8217;Assessore Calenzo: &#8220;Il rilancio della Biblioteca \u00e8 opera nostra, non di Verrengia&#8221;"},"content":{"rendered":"<p>&nbsp;<br \/>\n<strong>SESSA AURUNCA<\/strong>. A seguito dell&#8217;articolo pubblicato su queste pagine qualche ora fa in merito al rilancio della Biblioteca comunale (<a href=\"https:\/\/www.thereportzone.it\/politica\/sessa-aurunca-prima-buona-notizia-verrengia-rilancia-la-biblioteca-calenzo-abbraccia-la-proposta-con-fervore\/\"><span style=\"color: #ff0000;\"><strong>LEGGI QUI<\/strong><\/span><\/a>) corre l&#8217;obbligo di riportare alcune rettifiche e puntualizzazioni che l&#8217;Assessore alla Cultura ed ai Beni Culturali <strong><em>Italo Calenzo<\/em><\/strong>, ha voluto rendere al nostro portale. &#8220;<em>Partiamo col dire che il rilancio della Biblioteca \u00e8 opera nostra, non certo di Verrengia&#8221;. <\/em>Esordisce cos\u00ec Calenzo, che poi continua: &#8220;Un dettaglio non da poco se si pensa al fatto che gi\u00e0 nello scorso mese di ottobre abbiamo messo mano alla determina N. 114 del 21\/10\/2021&#8221;.<br \/>\nDichiarazioni che sono legittimate anche da uno scritto pubblicato dallo stesso Assessore Calenzo proprio ieri sera, sulla sua pagina Facebook ufficiale e che vi riportiamo qui di seguito: &#8220;<em>Con stupore prendo atto dell\u2019interrogazione avanzata dal consigliere di minoranza Alberto Verrengia inerente la riapertura e la riorganizzazione del servizio Biblioteca\u2026. Evidentemente, questi, prima di lanciare \u201cproclami\u201d demagogici, non ha avuto la briga di informarsi leggendo la determina di impegno del Settore Manutenzioni, la N. 114 del 21 ottobre scorso, riguardante proprio i \u201cLavori di ripristino intonaco e pitturazione locali Biblioteca Comunale\u201d in vista della sua riapertura, la qual cosa, per un consigliere comunale, \u00e8 abbastanza grave! Oppure, se lo ha fatto, \u00e8 chiaro (ed \u00e8 gravissimo e preoccupante) il suo tentativo maldestro di volersene attribuire, dopo la riapertura, il merito agli occhi della popolazione, essendo palese la volont\u00e0 di questa Amministrazione (a prescindere dalla sua interrogazione) di ridare nuovamente il servizio Biblioteca alla cittadinanza. Al netto della sterilit\u00e0 della sua interrogazione, \u00e8 per\u00f2 interessante il fatto che sia lo stesso Verrengia a riconoscere, a distanza di anni, l\u2019ottimo livello raggiunto dal servizio Biblioteca sotto il mio assessorato! Stia dunque tranquillo il consigliere Verrengia e la sua associazione politica che, come gi\u00e0 si sta facendo, Sessa Aurunca riavr\u00e0, a breve, nuovamente un luogo dove promuove cultura<\/em>&#8220;.<\/p>\n","protected":false},"excerpt":{"rendered":"<p>&nbsp; SESSA AURUNCA. A seguito dell&#8217;articolo pubblicato su queste pagine qualche ora fa in merito al rilancio della<\/p>\n","protected":false},"author":2,"featured_media":33788,"comment_status":"closed","ping_status":"closed","sticky":false,"template":"","format":"standard","meta":{"sfsi_plus_gutenberg_text_before_share":"","sfsi_plus_gutenberg_show_text_before_share":"","sfsi_plus_gutenberg_icon_type":"","sfsi_plus_gutenberg_icon_alignemt":"","sfsi_plus_gutenburg_max_per_row":"","footnotes":""},"categories":[9],"tags":[],"class_list":["post-33778","post","type-post","status-publish","format-standard","has-post-thumbnail","hentry","category-politica"],"_links":{"self":[{"href":"https:\/\/www.thereportzone.it\/index.php?rest_route=\/wp\/v2\/posts\/33778"}],"collection":[{"href":"https:\/\/www.thereportzone.it\/index.php?rest_route=\/wp\/v2\/posts"}],"about":[{"href":"https:\/\/www.thereportzone.it\/index.php?rest_route=\/wp\/v2\/types\/post"}],"author":[{"embeddable":true,"href":"https:\/\/www.thereportzone.it\/index.php?rest_route=\/wp\/v2\/users\/2"}],"replies":[{"embeddable":true,"href":"https:\/\/www.thereportzone.it\/index.php?rest_route=%2Fwp%2Fv2%2Fcomments&post=33778"}],"version-history":[{"count":0,"href":"https:\/\/www.thereportzone.it\/index.php?rest_route=\/wp\/v2\/posts\/33778\/revisions"}],"wp:featuredmedia":[{"embeddable":true,"href":"https:\/\/www.thereportzone.it\/index.php?rest_route=\/"}],"wp:attachment":[{"href":"https:\/\/www.thereportzone.it\/index.php?rest_route=%2Fwp%2Fv2%2Fmedia&parent=33778"}],"wp:term":[{"taxonomy":"category","embeddable":true,"href":"https:\/\/www.thereportzone.it\/index.php?rest_route=%2Fwp%2Fv2%2Fcategories&post=33778"},{"taxonomy":"post_tag","embeddable":true,"href":"https:\/\/www.thereportzone.it\/index.php?rest_route=%2Fwp%2Fv2%2Ftags&post=33778"}],"curies":[{"name":"wp","href":"https:\/\/api.w.org\/{rel}","templated":true}]}}