{"id":33672,"date":"2021-11-29T10:17:52","date_gmt":"2021-11-29T09:17:52","guid":{"rendered":"https:\/\/www.thereportzone.it\/?p=33672"},"modified":"2021-11-29T10:17:52","modified_gmt":"2021-11-29T09:17:52","slug":"carinola-gruppi-consiliari-ecco-le-anticipazioni-prima-del-civico-consesso-maggioranza-compatta-lopposizione-forma-tre-gruppi-diversi","status":"publish","type":"post","link":"https:\/\/www.thereportzone.it\/?p=33672","title":{"rendered":"CARINOLA &#8211; Gruppi consiliari: ecco le anticipazioni prima del civico consesso,  maggioranza compatta, l&#8217;opposizione forma tre gruppi diversi"},"content":{"rendered":"<p>&nbsp;<br \/>\nCARINOLA &#8211; Rendiamo noto qualche anticipazione in merito alla formazione dei gruppi consiliari che verranno resi noti nel civico consesso delle 11.00 di oggi. Come ampiamente evidenziato gi\u00e0 nelle scorse settimane sul fronte maggioranza a guidare il sodalizio &#8220;Carinola Futura&#8221; sar\u00e0 Mario Nicol\u00f2. Sul fronte opposizione invece il discorso cambia.<br \/>\nInfatti i gruppi saranno tre: Giannantonio Anfora rappresenter\u00e0 &#8220;Azione&#8221;; Rosa Di Maio ha formato il gruppo &#8220;Carinola che vorrei&#8221; \u00a0e ne far\u00e0 parte anche Giuseppe Grimaldi; Ugo de Crescenzo infine far\u00e0 un proprio gruppo autonomo rappresentando se stesso. \u00a0Sui dettagli \u00a0per gli altri punti all&#8217;ordine del giorno in discussione ci sar\u00e0 nelle prossime ore un altro articolo. Gli argomenti riguardano variazioni di bilancio e linee programmatiche.<\/p>\n","protected":false},"excerpt":{"rendered":"<p>&nbsp; CARINOLA &#8211; Rendiamo noto qualche anticipazione in merito alla formazione dei gruppi consiliari che verranno resi noti<\/p>\n","protected":false},"author":2,"featured_media":28348,"comment_status":"closed","ping_status":"closed","sticky":false,"template":"","format":"standard","meta":{"sfsi_plus_gutenberg_text_before_share":"","sfsi_plus_gutenberg_show_text_before_share":"","sfsi_plus_gutenberg_icon_type":"","sfsi_plus_gutenberg_icon_alignemt":"","sfsi_plus_gutenburg_max_per_row":"","footnotes":""},"categories":[2973,9],"tags":[],"class_list":["post-33672","post","type-post","status-publish","format-standard","has-post-thumbnail","hentry","category-carinola","category-politica"],"_links":{"self":[{"href":"https:\/\/www.thereportzone.it\/index.php?rest_route=\/wp\/v2\/posts\/33672"}],"collection":[{"href":"https:\/\/www.thereportzone.it\/index.php?rest_route=\/wp\/v2\/posts"}],"about":[{"href":"https:\/\/www.thereportzone.it\/index.php?rest_route=\/wp\/v2\/types\/post"}],"author":[{"embeddable":true,"href":"https:\/\/www.thereportzone.it\/index.php?rest_route=\/wp\/v2\/users\/2"}],"replies":[{"embeddable":true,"href":"https:\/\/www.thereportzone.it\/index.php?rest_route=%2Fwp%2Fv2%2Fcomments&post=33672"}],"version-history":[{"count":0,"href":"https:\/\/www.thereportzone.it\/index.php?rest_route=\/wp\/v2\/posts\/33672\/revisions"}],"wp:featuredmedia":[{"embeddable":true,"href":"https:\/\/www.thereportzone.it\/index.php?rest_route=\/"}],"wp:attachment":[{"href":"https:\/\/www.thereportzone.it\/index.php?rest_route=%2Fwp%2Fv2%2Fmedia&parent=33672"}],"wp:term":[{"taxonomy":"category","embeddable":true,"href":"https:\/\/www.thereportzone.it\/index.php?rest_route=%2Fwp%2Fv2%2Fcategories&post=33672"},{"taxonomy":"post_tag","embeddable":true,"href":"https:\/\/www.thereportzone.it\/index.php?rest_route=%2Fwp%2Fv2%2Ftags&post=33672"}],"curies":[{"name":"wp","href":"https:\/\/api.w.org\/{rel}","templated":true}]}}