{"id":33634,"date":"2021-11-26T08:45:55","date_gmt":"2021-11-26T07:45:55","guid":{"rendered":"https:\/\/www.thereportzone.it\/?p=33634"},"modified":"2021-11-26T08:45:55","modified_gmt":"2021-11-26T07:45:55","slug":"falciano-tanti-auguri-a-mastu-pascal-torrico-80-anni-di-intrecci-storia-e-poesie","status":"publish","type":"post","link":"https:\/\/www.thereportzone.it\/?p=33634","title":{"rendered":"FALCIANO &#8211; Tanti auguri a &#8220;Mastu Pascal&#8221; Torrico: 80 anni di &#8220;intrecci&#8221;, storia e poesie"},"content":{"rendered":"<p>&nbsp;<\/p>\n<div class=\"l9j0dhe7\" role=\"row\">\n<div class=\"\">\n<div class=\"j83agx80 cbu4d94t l9j0dhe7\" tabindex=\"0\" role=\"gridcell\" data-scope=\"messages_table\" data-release-focus-from=\"CLICK\">\n<div class=\"j83agx80\" role=\"none\">\n<div class=\"j83agx80 buofh1pr e409flbk\" role=\"none\" data-testid=\"message-container\">\n<div class=\"ns4p8fja j83agx80 cbu4d94t a6sixzi8 bkfpd7mw a1xu1aao nred35xi\" role=\"none\">\n<div class=\"ll8tlv6m j83agx80 cbu4d94t d2edcug0 l9j0dhe7\">\n<div class=\"j83agx80 k4urcfbm\" role=\"none\">\n<div class=\"l60d2q6s d1544ag0 sj5x9vvc tw6a2znq l9j0dhe7 ni8dbmo4 stjgntxs e72ty7fz qlfml3jp inkptoze qmr60zad jm1wdb64 qv66sw1b ljqsnud1 odn2s2vf tkr6xdv7\" role=\"none\">\n<div class=\"rq0escxv l9j0dhe7 du4w35lb __fb-light-mode\" role=\"none\">\n<div class=\"oo9gr5id ii04i59q\" dir=\"auto\" role=\"none\">\n<strong>FALCIANO<\/strong>. <em>TANTISSIMI AUGURI A MASTRO PASQUALE TORRICO PER IL SUO COMPLEANNO, DI SEGUITO IL MESSAGGIO DEL FIGLIO FRANCESCO TORRICO<\/em>: &#8220;Caro Mastro Pasquale, oggi, con questo appellativo, ti chiamo anch&#8217;io che, da quasi trentanove anni, ti identifico come pap\u00e0. Lo faccio per un&#8217;occasione speciale uniformandomi cos\u00ec a tutti: il tuo 80esimo compleanno. Sono anni che dici di averne 80. Per\u00f2 conosci anche la mia mania per la precisione e quindi, il mio augurio, era giusto farlo nel giorno esatto comunicandolo per\u00f2, anche alle tante persone che ti vogliono bene.<br \/>\nQuelle che appunto ti epitetano con quel &#8220;Maestro&#8221; d&#8217;avanti al nome di battesimo. Molti lo fanno perch\u00e9, con una semplice terza media, hai scritto canzoni e fatto ballare tantissime persone durante le vostre serenate anni fa. Oppure perch\u00e9, sempre con quel semplice &#8220;titolo serale&#8221;, hai avuto il coraggio di scrivere poesie. Dietro il &#8220;Mastro&#8221; c&#8217;\u00e8 di sicuro il fatto che, le tue mani, hanno intrecciato vimini e continuano a farlo da oltre 70 anni creando oggetti sparsi ormai in ogni parte del globo terrestre. Di certo perch\u00e9, con la tua voce, hai cercato, la maggior parte delle volte, di donare una parola di conforto a chi ne aveva bisogno.<br \/>\nOggi distacco, nel chiamarti cos\u00ec, quel rapporto padre-figlio. Solo oggi, 26 novembre 2021, ti chiamo come fanno tutti e ti saluto come di sicuro farai tu stasera. Con quella poesia da te scritta 54 anni fa. Spero la leggeranno in molti per imparare, dalle tue parole, quei tuoi valori. La recito io che con te ho troppe cose in comune cos\u00ec come tante sono le cose che ci differenziano. Recitando queste righe per\u00f2, ritrovo sempre quel &#8220;Mastu Pascal&#8221;. Quell&#8217;uomo che, fortunatamente, in molti casi, ho avuto il privilegio di chiamare Pap\u00e0. Buon compleanno Mastu Pascal! &#8220;<em><strong>Vintisei anni Teng Vintisei anni e stonc mmiezz &#8216;a vui e voglio sper\u00e0, ca &#8216;o riest che ci attende sia de felicit\u00e0 p\u00e8 tutti quanti. Certo che \u00e8 assai difficile a stu munno camp\u00e0 senza pensieri tutto l&#8217;anno per\u00f2, oggi che accade o compleanno voglio ca tutti quanti c\u00e0 cantammo. Ririte n&#8217; ziemm a me, ririte oje gente. Facimm ca stu juorn esiste semp. Pecch\u00e8 si po&#8217; rimani nuje chiagnimm nisciun v\u00e8ne a d\u00ec &#8220;povera gente&#8221;. \u00c8 na rota ca gira Amici cari. Ce stann pochi buoni e troppi avari. Perci\u00f2 io oggi prego &#8216;o santo mio ca chill&#8217; buoni l&#8217;adda aiut\u00e0 Dio. P\u00e8 chill&#8217; avari? No. Nun dico niente. Tant iss do &#8216;lloro s\u00f3 cuntient&#8221;. (foto in copertina di Bernardo Verrengia)<\/strong><\/em>\n<\/div>\n<\/div>\n<\/div>\n<\/div>\n<\/div>\n<\/div>\n<\/div>\n<\/div>\n<\/div>\n<\/div>\n<\/div>\n","protected":false},"excerpt":{"rendered":"<p>&nbsp; FALCIANO. TANTISSIMI AUGURI A MASTRO PASQUALE TORRICO PER IL SUO COMPLEANNO, DI SEGUITO IL MESSAGGIO DEL FIGLIO<\/p>\n","protected":false},"author":2,"featured_media":33635,"comment_status":"closed","ping_status":"closed","sticky":false,"template":"","format":"standard","meta":{"sfsi_plus_gutenberg_text_before_share":"","sfsi_plus_gutenberg_show_text_before_share":"","sfsi_plus_gutenberg_icon_type":"","sfsi_plus_gutenberg_icon_alignemt":"","sfsi_plus_gutenburg_max_per_row":"","footnotes":""},"categories":[10,4],"tags":[],"class_list":["post-33634","post","type-post","status-publish","format-standard","has-post-thumbnail","hentry","category-cultura","category-falciano"],"_links":{"self":[{"href":"https:\/\/www.thereportzone.it\/index.php?rest_route=\/wp\/v2\/posts\/33634"}],"collection":[{"href":"https:\/\/www.thereportzone.it\/index.php?rest_route=\/wp\/v2\/posts"}],"about":[{"href":"https:\/\/www.thereportzone.it\/index.php?rest_route=\/wp\/v2\/types\/post"}],"author":[{"embeddable":true,"href":"https:\/\/www.thereportzone.it\/index.php?rest_route=\/wp\/v2\/users\/2"}],"replies":[{"embeddable":true,"href":"https:\/\/www.thereportzone.it\/index.php?rest_route=%2Fwp%2Fv2%2Fcomments&post=33634"}],"version-history":[{"count":0,"href":"https:\/\/www.thereportzone.it\/index.php?rest_route=\/wp\/v2\/posts\/33634\/revisions"}],"wp:featuredmedia":[{"embeddable":true,"href":"https:\/\/www.thereportzone.it\/index.php?rest_route=\/"}],"wp:attachment":[{"href":"https:\/\/www.thereportzone.it\/index.php?rest_route=%2Fwp%2Fv2%2Fmedia&parent=33634"}],"wp:term":[{"taxonomy":"category","embeddable":true,"href":"https:\/\/www.thereportzone.it\/index.php?rest_route=%2Fwp%2Fv2%2Fcategories&post=33634"},{"taxonomy":"post_tag","embeddable":true,"href":"https:\/\/www.thereportzone.it\/index.php?rest_route=%2Fwp%2Fv2%2Ftags&post=33634"}],"curies":[{"name":"wp","href":"https:\/\/api.w.org\/{rel}","templated":true}]}}