{"id":33576,"date":"2021-11-23T08:34:50","date_gmt":"2021-11-23T07:34:50","guid":{"rendered":"https:\/\/www.thereportzone.it\/?p=33576"},"modified":"2021-11-23T08:34:50","modified_gmt":"2021-11-23T07:34:50","slug":"mondragone-i-carabinieri-celebrano-la-celeste-patrona-dellarma-con-don-paolo-carolo","status":"publish","type":"post","link":"https:\/\/www.thereportzone.it\/?p=33576","title":{"rendered":"MONDRAGONE &#8211; I Carabinieri celebrano la Celeste Patrona dell&#8217;Arma con Don Paolo Carolo"},"content":{"rendered":"<p>&nbsp;<\/p>\n<p style=\"font-weight: 400;\"><strong>MONDRAGONE<\/strong>. Luned\u00ec 22 novembre il Reparto Territoriale Carabinieri di Mondragone (CE) ha celebrato la Celeste Patrona dell\u2019Arma <strong>\u201cMaria Virgo Fidelis\u201d<\/strong>, l\u2019<strong>80\u00b0 Anniversario della Battaglia di Culqualber\u201d<\/strong>\u00a0e la\u00a0<strong>\u201cGiornata dell\u2019Orfano\u201d<\/strong>, presso la chiesa della Parrocchia \u201cSan Gaetano da Thiene\u201d di Mondragone-Pescopagano, presieduta dal Parroco Don Paolo CAROLO.<\/p>\n<p style=\"font-weight: 400;\">La cerimonia, ha avuto carattere interno al fine di contenere le presenze e il diffondersi dell\u2019epidemia in atto ed \u00e8 stata estesa agli appartenenti alle categorie\u00a0<em>Vittime del dovere in vita e familiari di quelle decedute, congiunti dei militari caduti, rappresentanti dell\u2019Arma in congedo e a vedove e orfani assistiti dell\u2019O.N.A.O.M.A.C.<\/em> del comprensorio di Mondragone, Castel Volturno e Francolise.<\/p>\n<p style=\"font-weight: 400;\">Nonostante, per impegni episcopali, il Vescovo della Diocesi di Sessa Aurunca, S.E. Orazio Francesco Piazza, si trovasse fuori sede ha fatto giungere il suo affettuoso e personale augurio a tutti i Carabinieri, in servizio e in Congedo, testimoniando la vicinanza delle pi\u00f9 alte Autorit\u00e0 religiose del territorio domitiano e sempre una particolare attenzione all\u2019Arma, alle sue donne e ai suoi uomini impegnati nel diuturno, silenzioso servizio istituzionale al servizio del cittadino. Il Parroco Don Paolo CAROLO nell\u2019Omelia ha fatto riferimento alla Fede che oltre ad essere il motto dell\u2019Arma avvicina a Maria sottolineando che l\u2019impegno dell\u2019Arma, soprattutto nelle periferie \u00e8 garanzia di dignit\u00e0 umana e legalit\u00e0.<\/p>\n","protected":false},"excerpt":{"rendered":"<p>&nbsp; MONDRAGONE. Luned\u00ec 22 novembre il Reparto Territoriale Carabinieri di Mondragone (CE) ha celebrato la Celeste Patrona dell\u2019Arma<\/p>\n","protected":false},"author":2,"featured_media":33577,"comment_status":"closed","ping_status":"closed","sticky":false,"template":"","format":"standard","meta":{"sfsi_plus_gutenberg_text_before_share":"","sfsi_plus_gutenberg_show_text_before_share":"","sfsi_plus_gutenberg_icon_type":"","sfsi_plus_gutenberg_icon_alignemt":"","sfsi_plus_gutenburg_max_per_row":"","footnotes":""},"categories":[10,5],"tags":[],"class_list":["post-33576","post","type-post","status-publish","format-standard","has-post-thumbnail","hentry","category-cultura","category-mondragone"],"_links":{"self":[{"href":"https:\/\/www.thereportzone.it\/index.php?rest_route=\/wp\/v2\/posts\/33576"}],"collection":[{"href":"https:\/\/www.thereportzone.it\/index.php?rest_route=\/wp\/v2\/posts"}],"about":[{"href":"https:\/\/www.thereportzone.it\/index.php?rest_route=\/wp\/v2\/types\/post"}],"author":[{"embeddable":true,"href":"https:\/\/www.thereportzone.it\/index.php?rest_route=\/wp\/v2\/users\/2"}],"replies":[{"embeddable":true,"href":"https:\/\/www.thereportzone.it\/index.php?rest_route=%2Fwp%2Fv2%2Fcomments&post=33576"}],"version-history":[{"count":0,"href":"https:\/\/www.thereportzone.it\/index.php?rest_route=\/wp\/v2\/posts\/33576\/revisions"}],"wp:featuredmedia":[{"embeddable":true,"href":"https:\/\/www.thereportzone.it\/index.php?rest_route=\/"}],"wp:attachment":[{"href":"https:\/\/www.thereportzone.it\/index.php?rest_route=%2Fwp%2Fv2%2Fmedia&parent=33576"}],"wp:term":[{"taxonomy":"category","embeddable":true,"href":"https:\/\/www.thereportzone.it\/index.php?rest_route=%2Fwp%2Fv2%2Fcategories&post=33576"},{"taxonomy":"post_tag","embeddable":true,"href":"https:\/\/www.thereportzone.it\/index.php?rest_route=%2Fwp%2Fv2%2Ftags&post=33576"}],"curies":[{"name":"wp","href":"https:\/\/api.w.org\/{rel}","templated":true}]}}