{"id":33471,"date":"2021-11-18T09:31:00","date_gmt":"2021-11-18T08:31:00","guid":{"rendered":"https:\/\/www.thereportzone.it\/?p=33471"},"modified":"2021-11-18T09:31:00","modified_gmt":"2021-11-18T08:31:00","slug":"carinola-nel-prossimo-civico-consesso-si-costituiranno-i-gruppi-consiliari-e-si-discutera-dellassestamento-di-bilancio","status":"publish","type":"post","link":"https:\/\/www.thereportzone.it\/?p=33471","title":{"rendered":"CARINOLA &#8211; Nel prossimo civico consesso si costituiranno i gruppi consiliari e si discuter\u00e0 dell&#8217;assestamento di bilancio"},"content":{"rendered":"<p>&nbsp;<br \/>\nCARINOLA &#8211; Entro qualche giorno \u00e8 prevista la convocazione del consiglio comunale. A renderlo noto \u00e8 stato Antimo Marrese presidente del Parlamentino locale. In discussione stando a quanto anticipato dall&#8217;esponente di maggioranza ci sar\u00e0 in primo piano la costituzione dei gruppi consiliari. Tra gli argomenti anche l&#8217;assestamento di bilancio. Marrese ha sottolineato che nella riunione di maggioranza che si dovrebbe tenere a breve, si constater\u00e0 se portare all&#8217;attenzione del consiglio altri argomenti. Ma andiamo con ordine. Sulla costituzione dei gruppi \u00e8 certo che la maggioranza\u00a0 far\u00e0 un gruppo unico confluendo in &#8220;Carinola Futura&#8221; e sar\u00e0 Mario Nicol\u00f2 il capogruppo.<\/p>\n<p style=\"text-align: justify;\"><span style=\"color: #222222; background: white;\">Pur avendo diverse anime politiche al suo interno, la coalizione guidata dalla sindaca Giuseppina Di Biasio sar\u00e0 unita e compatta e non ci saranno dunque sodalizi indipendenti. Discorso diverso invece sul fronte opposizione. Infatti \u00e8 assai probabile che andranno a formarsi gruppi distinti. Il consigliere Giannatonio Anfora rappresenter\u00e0 \u201cAzione\u201d, mentre Ugo De Crescenzo che ha rinunciato alle dimissioni, far\u00e0 parte del sodalizio vicino al consigliere Regionale Gennaro Oliviero. Rosa Di Maio e Giuseppe Grimaldi invece faranno parte con ogni probabilit\u00e0 del gruppo vicino a Massimo Grimaldi. <\/span><\/p>\n","protected":false},"excerpt":{"rendered":"<p>&nbsp; CARINOLA &#8211; Entro qualche giorno \u00e8 prevista la convocazione del consiglio comunale. A renderlo noto \u00e8 stato<\/p>\n","protected":false},"author":2,"featured_media":9437,"comment_status":"closed","ping_status":"closed","sticky":false,"template":"","format":"standard","meta":{"sfsi_plus_gutenberg_text_before_share":"","sfsi_plus_gutenberg_show_text_before_share":"","sfsi_plus_gutenberg_icon_type":"","sfsi_plus_gutenberg_icon_alignemt":"","sfsi_plus_gutenburg_max_per_row":"","footnotes":""},"categories":[2973,9],"tags":[],"class_list":["post-33471","post","type-post","status-publish","format-standard","has-post-thumbnail","hentry","category-carinola","category-politica"],"_links":{"self":[{"href":"https:\/\/www.thereportzone.it\/index.php?rest_route=\/wp\/v2\/posts\/33471"}],"collection":[{"href":"https:\/\/www.thereportzone.it\/index.php?rest_route=\/wp\/v2\/posts"}],"about":[{"href":"https:\/\/www.thereportzone.it\/index.php?rest_route=\/wp\/v2\/types\/post"}],"author":[{"embeddable":true,"href":"https:\/\/www.thereportzone.it\/index.php?rest_route=\/wp\/v2\/users\/2"}],"replies":[{"embeddable":true,"href":"https:\/\/www.thereportzone.it\/index.php?rest_route=%2Fwp%2Fv2%2Fcomments&post=33471"}],"version-history":[{"count":0,"href":"https:\/\/www.thereportzone.it\/index.php?rest_route=\/wp\/v2\/posts\/33471\/revisions"}],"wp:featuredmedia":[{"embeddable":true,"href":"https:\/\/www.thereportzone.it\/index.php?rest_route=\/"}],"wp:attachment":[{"href":"https:\/\/www.thereportzone.it\/index.php?rest_route=%2Fwp%2Fv2%2Fmedia&parent=33471"}],"wp:term":[{"taxonomy":"category","embeddable":true,"href":"https:\/\/www.thereportzone.it\/index.php?rest_route=%2Fwp%2Fv2%2Fcategories&post=33471"},{"taxonomy":"post_tag","embeddable":true,"href":"https:\/\/www.thereportzone.it\/index.php?rest_route=%2Fwp%2Fv2%2Ftags&post=33471"}],"curies":[{"name":"wp","href":"https:\/\/api.w.org\/{rel}","templated":true}]}}