{"id":33432,"date":"2021-11-15T11:09:44","date_gmt":"2021-11-15T10:09:44","guid":{"rendered":"https:\/\/www.thereportzone.it\/?p=33432"},"modified":"2021-11-15T11:09:44","modified_gmt":"2021-11-15T10:09:44","slug":"verona-incidente-sullautostrada-nel-2017-sale-la-rabbia-dei-familiari-delle-vittime-quante-altre-sentenze-torturanti-e-umilianti-dobbiamo-sopportare","status":"publish","type":"post","link":"https:\/\/www.thereportzone.it\/?p=33432","title":{"rendered":"VERONA &#8211; Incidente sull&#8217;autostrada nel 2017, sale la rabbia dei familiari delle vittime :  &#8220;Quante altre sentenze torturanti e umilianti dobbiamo sopportare?&#8221;"},"content":{"rendered":"<p>&nbsp;<br \/>\nVERONA &#8211; Riceviamo e pubblichiamo il comunicato stampa inviato da Biagio Ciaramella (responsabile della\u00a0 sede di Aversa e dell\u2019agro aversano dell&#8217;associazione vittime della strada) in merito al caso dell&#8217;incidente avvenuto nel 2017 sull&#8217;autostrada per Verona e che ha visto numerose vittime coinvolte nel sinistro.<br \/>\nIl 20 gennaio 2017, sull&#8217;autostrada passando per Verona, abbiamo ricevuto la prima condanna all\u2019ergastolo della nostra vita. Una tragedia della strada ha portato via i nostri cari. Non c&#8217;era spazio per domande, suppliche, leggi, appelli, era solo un fatto logorante per le nostre anime\u2026.non sono pi\u00f9 con noi, non possiamo pi\u00f9 vederli, sentirli, non abbiamo\u00a0 alcuna possibilit\u00e0 di riaverli anche solo per un solo istante. La sentenza viene pronunciata immediatamente!!! \u00a0Per quasi cinque anni, tutti gli interessati hanno trascinato questa terribile sentenza. Sperando che ci possano essere sentenze che possano mitigare questo, che possano proclamare la giustizia, che possano dare un &#8220;senso&#8221; alle perdite senza spiegazione. Questo \u00e8 il verdetto che ci aspettavamo dalla giustizia italiana. L&#8217;Italia e il popolo italiano, sono stati molto sensibili e amorevoli riguardo la nostra terribile tragedia. Speravamo che i responsabili dell&#8217;incidente sarebbero stati giudicati in un paese che si basa su uno dei sistemi giuridici pi\u00f9 antichi, che \u00e8 sufficientemente incentrato sulle persone e che si preoccupa di rappresentare e rispettare i diritti delle vittime. La sentenza del giudice Gorra del Tribunale di Verona ha alimentato questa speranza, ci ha dato fiducia che la giustizia pu\u00f2 essere fatta, che il livello appropriato di pena pu\u00f2 essere imposto ai responsabili di questo indicibile disastro.<br aria-hidden=\"true\" \/><br aria-hidden=\"true\" \/>Tuttavia, l&#8217;appello e il processo e il comportamento e le azioni del giudice Liguori ci hanno tolto anche questa speranza. Ancora una volta, la sentenza pi\u00f9 severa \u00e8 caduta su di noi. Dal primo minuto, il comportamento del giudice Liguori \u00e8 stato incomprensibile. Piccoli incontri separati con entrambe le parti. Negoziati davanti a noi, pressione per raggiungere un accordo piuttosto che un verdetto. Poi si scopre che il procuratore fa un&#8217;offerta alla difesa e la difesa chiede tempo per negoziare. E noi parenti guardiamo sconcertati e siamo costretti a vedere che si sta svolgendo una contrattazione di mercato a scapito della giustizia delle nostre vittime, dove non si capisce pi\u00f9 lo standard con cui si misurano i nostri morti? \u00a0\u00c8 trapelato che il giudice non \u00e8 convinto che l&#8217;autobus fosse guidato dall&#8217;imputato!!! Quindi potrebbe anche assolvere, ignorando il verdetto di primo grado. Dolore, incomprensione e rabbia immensa esplodono da tutti i parenti presenti. Perch\u00e9 ci fanno questo, persone condannate a una vita di dolore? La notizia arriva, la difesa accetta la vergognosa condanna a sei anni di prigione. \u00a0Il giudice Liguori pu\u00f2 stare tranquillo, l&#8217;accusato ha ammesso la sua colpa, qualunque cosa veda provata. In precedenza aveva detto che considerava la sentenza eccessiva. Consideriamo eccessiva una tragedia con 17 vittime e le numerose persone le cui vite sono state cambiate per sempre da questa tragedia.<br aria-hidden=\"true\" \/><br aria-hidden=\"true\" \/>Abbiamo dovuto constatare in anni di processi che le vittime non hanno diritti, mentre gli imputati hanno quasi solo diritti, che dobbiamo rispettare, e osservare come le sentenze diventano ridicole. Il tribunale, per risparmiare tempo e denaro &#8211; quindi solo per ragioni economiche &#8211; \u00e8 disposto ad abbassare una significativa parte degli anni previsti dalla legge nelle sentenze agli imputati, devono solo comportarsi in modo che possa andare bene al tribunale. 6 + 3 anni, cio\u00e8 un totale di 9 anni, delle pene possibili, sono stati ridotti perch\u00e9 l&#8217;imputato e i suoi avvocati hanno privilegiato la corte con la loro scelta di procedura. Come si chiama questo? Una vergognosa presa in giro di tutte le vittime e un &#8220;onore&#8221; agli autori dei crimini!!! Se il giudice Gorra non avesse pronunciato una sentenza cos\u00ec severa come quella che ha dato, forse il colpevole avrebbe finito per ricevere 2-3 anni solo per la bont\u00e0 della corte. Aggiungerei che non dovr\u00e0 passare molto pi\u00f9 tempo in prigione per 17 vite!!!\u00a0 E i parenti devono sopportare questo e l&#8217;autista dell&#8217;autobus che cerca di scaricare la colpa sul suo amico morto come difesa, ma alla fine fa un accordo. Chi fa un accordo \u00e8 colpevole, quindi ha mentito quando ha cercato di dimostrare che non stava guidando lui l&#8217;autobus.<br aria-hidden=\"true\" \/><br aria-hidden=\"true\" \/>La nostra indignazione \u00e8 superata solo dal dolore di dover essere delusi dal sistema giudiziario italiano, dall&#8217;empatia italiana che abbiamo tanto ammirato e rispettato, che abbiamo vissuto fino alla sentenza. Finch\u00e9 i giudici giudicheranno in questo modo, nessuno pu\u00f2 avere alcuna speranza di giustizia. \u00a0Cinque anni dopo la tragedia, la morte e il dolore RIECHEGGIANO dal pilastro dell&#8217;autostrada, incombendo ancora negli occhi di tutti coloro che ci passano davanti, perch\u00e9 fino ad oggi nessuno ha pensato di rimuovere le tracce del dolore, del fuoco, degli orrori vissuti, delle gridava delle anime perse l\u00ec!<\/p>\n","protected":false},"excerpt":{"rendered":"<p>&nbsp; VERONA &#8211; Riceviamo e pubblichiamo il comunicato stampa inviato da Biagio Ciaramella (responsabile della\u00a0 sede di Aversa<\/p>\n","protected":false},"author":2,"featured_media":33434,"comment_status":"closed","ping_status":"closed","sticky":false,"template":"","format":"standard","meta":{"sfsi_plus_gutenberg_text_before_share":"","sfsi_plus_gutenberg_show_text_before_share":"","sfsi_plus_gutenberg_icon_type":"","sfsi_plus_gutenberg_icon_alignemt":"","sfsi_plus_gutenburg_max_per_row":"","footnotes":""},"categories":[8,941],"tags":[],"class_list":["post-33432","post","type-post","status-publish","format-standard","has-post-thumbnail","hentry","category-cronaca","category-uncategorized"],"_links":{"self":[{"href":"https:\/\/www.thereportzone.it\/index.php?rest_route=\/wp\/v2\/posts\/33432"}],"collection":[{"href":"https:\/\/www.thereportzone.it\/index.php?rest_route=\/wp\/v2\/posts"}],"about":[{"href":"https:\/\/www.thereportzone.it\/index.php?rest_route=\/wp\/v2\/types\/post"}],"author":[{"embeddable":true,"href":"https:\/\/www.thereportzone.it\/index.php?rest_route=\/wp\/v2\/users\/2"}],"replies":[{"embeddable":true,"href":"https:\/\/www.thereportzone.it\/index.php?rest_route=%2Fwp%2Fv2%2Fcomments&post=33432"}],"version-history":[{"count":0,"href":"https:\/\/www.thereportzone.it\/index.php?rest_route=\/wp\/v2\/posts\/33432\/revisions"}],"wp:featuredmedia":[{"embeddable":true,"href":"https:\/\/www.thereportzone.it\/index.php?rest_route=\/"}],"wp:attachment":[{"href":"https:\/\/www.thereportzone.it\/index.php?rest_route=%2Fwp%2Fv2%2Fmedia&parent=33432"}],"wp:term":[{"taxonomy":"category","embeddable":true,"href":"https:\/\/www.thereportzone.it\/index.php?rest_route=%2Fwp%2Fv2%2Fcategories&post=33432"},{"taxonomy":"post_tag","embeddable":true,"href":"https:\/\/www.thereportzone.it\/index.php?rest_route=%2Fwp%2Fv2%2Ftags&post=33432"}],"curies":[{"name":"wp","href":"https:\/\/api.w.org\/{rel}","templated":true}]}}