{"id":33401,"date":"2021-11-12T09:47:01","date_gmt":"2021-11-12T08:47:01","guid":{"rendered":"https:\/\/www.thereportzone.it\/?p=33401"},"modified":"2021-11-12T09:47:01","modified_gmt":"2021-11-12T08:47:01","slug":"falciano-inaugurazione-green-area-il-comune-e-fra-i-primi-a-dotarsene","status":"publish","type":"post","link":"https:\/\/www.thereportzone.it\/?p=33401","title":{"rendered":"FALCIANO &#8211; Inaugurazione Green Area, il Comune \u00e8 fra i primi a dotarsene"},"content":{"rendered":"<p>&nbsp;<br \/>\n<strong>FALCIANO<\/strong>. Si \u00e8 svolta ieri mattina presso il Parcheggio di Piazza Limata in Falciano del Massico, l&#8217;inaugurazione della Green Area. Un progetto innovativo, che pone il Comune di Falciano del Massico fra i primi, per estensione del territorio e densit\u00e0 della popolazione, ad essersi dotato di una colonnetta per la ricarica delle vetture elettriche. Ma non solo. Nella Green Area \u00e8 anche presente un compattatore per la plastica in grado di ricompensare chi ne usufruisce con premi. Un insieme di cose per le quali \u00e8 anche gi\u00e0 stata pubblicata una manifestazione di interesse indirizzata alle attivit\u00e0 commerciali.<br \/>\nNella giornata di ieri, il sindaco Ing. Giovanni Erasmo Fava e l&#8217;amministrazione comunale Falciano Bene Comune, hanno dichiarato: &#8220;Ieri l&#8217;inaugurazione presso il parcheggio di Piazza Limata dell&#8217;Area Green del Comune di Falciano del Massico. A tal riguardo, nella giornata di ieri, il sindaco Ing. Giovanni Erasmo Fava ha dichiarato: &#8220;Questa mattina abbiamo inaugurato la \ud835\uddda\ud835\udde5\ud835\uddd8\ud835\uddd8\ud835\udde1 \ud835\uddd4\ud835\udde5\ud835\uddd8\ud835\uddd4 di Falciano del Massico alla presenza di una delegazione di studenti e docenti che ringrazio per la partecipazione. Una bella mattinata nella quale abbiamo mostrato anche il funzionamento del raccoglitore di plastica e lattine, che consentir\u00e0 ai cittadini di raccogliere punti da utilizzare nelle attivit\u00e0 commerciali di Falciano del Massico convenzionate e per altri progetti che saranno attivati. Nella GREEN AREA \u00e8 presente anche una colonnina di ricarica per auto elettriche. Abbiamo ancora una volta esposte le \ud835\uddf2-\ud835\uddef\ud835\uddf6\ud835\uddf8\ud835\uddf2 che possono essere facilmente noleggiate grazie anche all\u2019ottima organizzazione del servizio attuata dal gestore&#8221;.<br \/>\n&nbsp;<\/p>\n","protected":false},"excerpt":{"rendered":"<p>&nbsp; FALCIANO. Si \u00e8 svolta ieri mattina presso il Parcheggio di Piazza Limata in Falciano del Massico, l&#8217;inaugurazione<\/p>\n","protected":false},"author":2,"featured_media":33403,"comment_status":"closed","ping_status":"closed","sticky":false,"template":"","format":"standard","meta":{"sfsi_plus_gutenberg_text_before_share":"","sfsi_plus_gutenberg_show_text_before_share":"","sfsi_plus_gutenberg_icon_type":"","sfsi_plus_gutenberg_icon_alignemt":"","sfsi_plus_gutenburg_max_per_row":"","footnotes":""},"categories":[4,9],"tags":[],"class_list":["post-33401","post","type-post","status-publish","format-standard","has-post-thumbnail","hentry","category-falciano","category-politica"],"_links":{"self":[{"href":"https:\/\/www.thereportzone.it\/index.php?rest_route=\/wp\/v2\/posts\/33401"}],"collection":[{"href":"https:\/\/www.thereportzone.it\/index.php?rest_route=\/wp\/v2\/posts"}],"about":[{"href":"https:\/\/www.thereportzone.it\/index.php?rest_route=\/wp\/v2\/types\/post"}],"author":[{"embeddable":true,"href":"https:\/\/www.thereportzone.it\/index.php?rest_route=\/wp\/v2\/users\/2"}],"replies":[{"embeddable":true,"href":"https:\/\/www.thereportzone.it\/index.php?rest_route=%2Fwp%2Fv2%2Fcomments&post=33401"}],"version-history":[{"count":0,"href":"https:\/\/www.thereportzone.it\/index.php?rest_route=\/wp\/v2\/posts\/33401\/revisions"}],"wp:featuredmedia":[{"embeddable":true,"href":"https:\/\/www.thereportzone.it\/index.php?rest_route=\/"}],"wp:attachment":[{"href":"https:\/\/www.thereportzone.it\/index.php?rest_route=%2Fwp%2Fv2%2Fmedia&parent=33401"}],"wp:term":[{"taxonomy":"category","embeddable":true,"href":"https:\/\/www.thereportzone.it\/index.php?rest_route=%2Fwp%2Fv2%2Fcategories&post=33401"},{"taxonomy":"post_tag","embeddable":true,"href":"https:\/\/www.thereportzone.it\/index.php?rest_route=%2Fwp%2Fv2%2Ftags&post=33401"}],"curies":[{"name":"wp","href":"https:\/\/api.w.org\/{rel}","templated":true}]}}