{"id":33186,"date":"2021-10-30T09:17:22","date_gmt":"2021-10-30T07:17:22","guid":{"rendered":"https:\/\/www.thereportzone.it\/?p=33186"},"modified":"2021-10-30T09:17:22","modified_gmt":"2021-10-30T07:17:22","slug":"casapulla-scuola-parte-la-mensa-e-il-servizio-palette-fuori-dagli-istituti-di-casapulla","status":"publish","type":"post","link":"https:\/\/www.thereportzone.it\/?p=33186","title":{"rendered":"CASAPULLA &#8211; Scuola, parte la mensa e il &#8216;Servizio Palette&#8217; fuori dagli istituti di Casapulla"},"content":{"rendered":"<p>&nbsp;<br \/>\nCASAPULLA &#8211; Mercoled\u00ec 3 novembre parte ufficialmente il servizio mensa presso la Scuola d&#8217;Infanzia e Primaria di Casapulla. Ad annunciarlo \u00e8 l&#8217;assessore alla Pubblica istruzione Dina Melchiorre che aggiunge: \u00abSono state formate anche quattro classi a tempo pieno nella scuola Primaria di Casapulla. Per questi alunni, come per quelli della scuola d&#8217;Infanzia, sar\u00e0 attivato il servizio mensa a partire dal prossimo 3 novembre\u00bb. Sempre in questa data sar\u00e0 istituito anche il cosiddetto &#8216;Servizio Palette&#8217;, nel quale saranno impiegati i percettori del Reddito di cittadinanza. \u00abGli addetti &#8211; continua l&#8217;assessore Melchiorre &#8211; dovranno sorvegliare l&#8217;entrata e l&#8217;uscita degli alunni, affinch\u00e9 tutto si svolga nell&#8217;ordine e nella regolarit\u00e0. Inoltre, dovranno controllare gli attraversamenti pedonali nei pressi degli istituti scolastici e se necessario fermare il traffico, affinch\u00e9 i ragazzi possano raggiungere i plessi nella massima sicurezza. Tutto sar\u00e0 svolto in stretta collaborazione con i nostri vigili urbani\u00bb. L&#8217;attivit\u00e0 rientra nei Puc, Progetti utili alla collettivit\u00e0, rivolti ai percettori del Reddito di cittadinanza. Gi\u00e0 nei mesi scorsi, l&#8217;amministrazione di Casapulla, diretta dal sindaco Renzo Lillo, aveva impegnato in Comune diverse persone soprattutto nel servizio di controllo degli ingressi nel Municipio da parte dei cittadini, fondamentale nel periodo Covid.<\/p>\n","protected":false},"excerpt":{"rendered":"<p>&nbsp; CASAPULLA &#8211; Mercoled\u00ec 3 novembre parte ufficialmente il servizio mensa presso la Scuola d&#8217;Infanzia e Primaria di<\/p>\n","protected":false},"author":2,"featured_media":33188,"comment_status":"closed","ping_status":"closed","sticky":false,"template":"","format":"standard","meta":{"sfsi_plus_gutenberg_text_before_share":"","sfsi_plus_gutenberg_show_text_before_share":"","sfsi_plus_gutenberg_icon_type":"","sfsi_plus_gutenberg_icon_alignemt":"","sfsi_plus_gutenburg_max_per_row":"","footnotes":""},"categories":[9],"tags":[],"class_list":["post-33186","post","type-post","status-publish","format-standard","has-post-thumbnail","hentry","category-politica"],"_links":{"self":[{"href":"https:\/\/www.thereportzone.it\/index.php?rest_route=\/wp\/v2\/posts\/33186"}],"collection":[{"href":"https:\/\/www.thereportzone.it\/index.php?rest_route=\/wp\/v2\/posts"}],"about":[{"href":"https:\/\/www.thereportzone.it\/index.php?rest_route=\/wp\/v2\/types\/post"}],"author":[{"embeddable":true,"href":"https:\/\/www.thereportzone.it\/index.php?rest_route=\/wp\/v2\/users\/2"}],"replies":[{"embeddable":true,"href":"https:\/\/www.thereportzone.it\/index.php?rest_route=%2Fwp%2Fv2%2Fcomments&post=33186"}],"version-history":[{"count":0,"href":"https:\/\/www.thereportzone.it\/index.php?rest_route=\/wp\/v2\/posts\/33186\/revisions"}],"wp:featuredmedia":[{"embeddable":true,"href":"https:\/\/www.thereportzone.it\/index.php?rest_route=\/"}],"wp:attachment":[{"href":"https:\/\/www.thereportzone.it\/index.php?rest_route=%2Fwp%2Fv2%2Fmedia&parent=33186"}],"wp:term":[{"taxonomy":"category","embeddable":true,"href":"https:\/\/www.thereportzone.it\/index.php?rest_route=%2Fwp%2Fv2%2Fcategories&post=33186"},{"taxonomy":"post_tag","embeddable":true,"href":"https:\/\/www.thereportzone.it\/index.php?rest_route=%2Fwp%2Fv2%2Ftags&post=33186"}],"curies":[{"name":"wp","href":"https:\/\/api.w.org\/{rel}","templated":true}]}}