{"id":33172,"date":"2021-10-29T09:38:32","date_gmt":"2021-10-29T07:38:32","guid":{"rendered":"https:\/\/www.thereportzone.it\/?p=33172"},"modified":"2021-10-29T09:38:32","modified_gmt":"2021-10-29T07:38:32","slug":"marcianise-caso-lavoratori-ex-jabil-orefice-interrogazione-parlamentare-dei-senatori-errani-de-petris-laforgia-e-ruotolo","status":"publish","type":"post","link":"https:\/\/www.thereportzone.it\/?p=33172","title":{"rendered":"MARCIANISE &#8211; Caso lavoratori ex Jabil-Orefice, interrogazione parlamentare dei senatori Errani, De Petris, Laforgia e Ruotolo"},"content":{"rendered":"<p>MARCIANISE &#8211; Era stato un preciso impegno del senatore\u00a0<b>Vasco Errani<\/b>\u00a0(<b>Articolo Uno &#8211; Liberi e Uguali<\/b>) durante\u00a0una recente visita a\u00a0<b>Marcianise (Caserta)\u00a0<\/b>e cio\u00e8\u00a0quella di perorare la giusta causa degli\u00a0<b>ex lavoratori Jabil\u00a0<\/b>e attualmente dipendenti del gruppo sardo\u00a0<b>Orefice<\/b>. Ieri, 27 ottobre 2021, \u00e8 stata pubblicata negli atti parlamentari un&#8217;interrogazione a firma, oltre che di\u00a0<b>Errani<\/b>, dei senatori\u00a0<b>Loredana\u00a0De Petris<\/b>,\u00a0<b>Francesco\u00a0Laforgia\u00a0<\/b>e\u00a0<b>Sandro\u00a0Ruotolo\u00a0<\/b>indirizzato ai Ministri del lavoro e delle politiche sociali e dello sviluppo economico.<\/p>\n<div>Ecco il testo dell&#8217;interrogazione: &#8220;Premesso che:\u00a0la vertenza che riguarda 23 lavoratori ex Jabil a Marcianise (Caserta) che dovevano essere impiegati a tempo pieno ed indeterminato dalla societ\u00e0 sarda Orefice generators ha assunto sviluppi a giudizio degli interroganti preoccupanti;\u00a0a quanto risulta, dal 25 maggio 2020, data di assunzione dei lavoratori da parte del gruppo Orefice, che produce gruppi elettrogeni, i dipendenti non hanno, in sostanza, mai lavorato. Tutti i lavoratori interessati, infatti, sono stati unilateralmente posti prima in ferie e poi in cassa integrazione. Tra promesse non mantenute, impegni presi in sedi istituzionali alla presenza delle massime autorit\u00e0 del Governo nazionale e regionale, e dopo aver incassato ingenti somme elargite dalla Jabil per incentivare l&#8217;uscita e la ricollocazione degli ex dipendenti, la societ\u00e0 Orefice ha disposto il trasferimento di tutti i 23 lavoratori da Marcianise in Sardegna, con decorrenza dal 4 ottobre 2021, comunicando la chiusura del sito campano, in realt\u00e0 mai effettivamente funzionante.<\/div>\n<div><\/div>\n<div>La societ\u00e0 ha anche gi\u00e0 abbandonato il capannone affittato a met\u00e0 2020 nell&#8217;area industriale di Pascarola, nel comune di Caivano a pochi chilometri da Marcianise, dove si era impegnato ad iniziare una produzione. Questi lavoratori avevano con senso di responsabilit\u00e0 intrapreso la strada di affidarsi ad un&#8217;azienda che aveva promesso loro investimenti e lavoro sul territorio. Ora si ritrovano, da un giorno all&#8217;altro, ad essere trasferiti in un&#8217;altra regione, ancora in attesa di ricevere le mensilit\u00e0 di cassa integrazione dal luglio 2021 e, non avendo accettato il trasferimento, passibili perfino di licenziamento ad ora congelato in attesa di una soluzione del Ministero dello sviluppo economico; ritenuto che, a parere degli interroganti, quanto riportato non sia accettabile, in quanto si mette a rischio il futuro occupazionale, i diritti e la dignit\u00e0 dei lavoratori che rischiano di essere abbandonati in attesa di un progetto concreto di ricollocazione, si chiede di sapere quali iniziative i Ministri in indirizzo stiano ponendo in atto, in ordine alle rispettive competenze e nel dialogo con la Regione Campania e le organizzazioni sindacali, per garantire la salvaguardia occupazionale dei lavoratori nella vertenza aziendale&#8221;.\u00a0 Continueremo a seguire questa incredibile vicenda e le alte vertenze di Terra di Lavoro &#8211; ha dichiarato il segretario provinciale di\u00a0<b>Articolo Uno<\/b>\u00a0<b>Alessandro Tartaglione<\/b>.<\/div>\n","protected":false},"excerpt":{"rendered":"<p>MARCIANISE &#8211; Era stato un preciso impegno del senatore\u00a0Vasco Errani\u00a0(Articolo Uno &#8211; Liberi e Uguali) durante\u00a0una recente visita<\/p>\n","protected":false},"author":2,"featured_media":33173,"comment_status":"closed","ping_status":"closed","sticky":false,"template":"","format":"standard","meta":{"sfsi_plus_gutenberg_text_before_share":"","sfsi_plus_gutenberg_show_text_before_share":"","sfsi_plus_gutenberg_icon_type":"","sfsi_plus_gutenberg_icon_alignemt":"","sfsi_plus_gutenburg_max_per_row":"","footnotes":""},"categories":[9],"tags":[],"class_list":["post-33172","post","type-post","status-publish","format-standard","has-post-thumbnail","hentry","category-politica"],"_links":{"self":[{"href":"https:\/\/www.thereportzone.it\/index.php?rest_route=\/wp\/v2\/posts\/33172"}],"collection":[{"href":"https:\/\/www.thereportzone.it\/index.php?rest_route=\/wp\/v2\/posts"}],"about":[{"href":"https:\/\/www.thereportzone.it\/index.php?rest_route=\/wp\/v2\/types\/post"}],"author":[{"embeddable":true,"href":"https:\/\/www.thereportzone.it\/index.php?rest_route=\/wp\/v2\/users\/2"}],"replies":[{"embeddable":true,"href":"https:\/\/www.thereportzone.it\/index.php?rest_route=%2Fwp%2Fv2%2Fcomments&post=33172"}],"version-history":[{"count":0,"href":"https:\/\/www.thereportzone.it\/index.php?rest_route=\/wp\/v2\/posts\/33172\/revisions"}],"wp:featuredmedia":[{"embeddable":true,"href":"https:\/\/www.thereportzone.it\/index.php?rest_route=\/"}],"wp:attachment":[{"href":"https:\/\/www.thereportzone.it\/index.php?rest_route=%2Fwp%2Fv2%2Fmedia&parent=33172"}],"wp:term":[{"taxonomy":"category","embeddable":true,"href":"https:\/\/www.thereportzone.it\/index.php?rest_route=%2Fwp%2Fv2%2Fcategories&post=33172"},{"taxonomy":"post_tag","embeddable":true,"href":"https:\/\/www.thereportzone.it\/index.php?rest_route=%2Fwp%2Fv2%2Ftags&post=33172"}],"curies":[{"name":"wp","href":"https:\/\/api.w.org\/{rel}","templated":true}]}}