{"id":33085,"date":"2021-10-23T10:45:45","date_gmt":"2021-10-23T08:45:45","guid":{"rendered":"https:\/\/www.thereportzone.it\/?p=33085"},"modified":"2021-10-23T10:45:45","modified_gmt":"2021-10-23T08:45:45","slug":"marcianise-nel-parcheggio-del-centro-campania-lesercitazione-nazionale-della-protezione-civile","status":"publish","type":"post","link":"https:\/\/www.thereportzone.it\/?p=33085","title":{"rendered":"MARCIANISE &#8211; Nel parcheggio del Centro Campania l&#8217;esercitazione nazionale della Protezione Civile"},"content":{"rendered":"<p>&nbsp;<br \/>\nMARCIANISE &#8211; &#8220;Si terr\u00e0, da marted\u00ec 26 ottobre fino a venerd\u00ec 29, presso il parcheggio del <b>Centro Commerciale Campania<\/b> a Marcianise, un&#8217;esercitazione nazionale di colonna mobile regionale di Protezione Civile. Tra gli scenari di intervento giornalieri previsti, ci sar\u00e0 la realizzazione di un campo base dove convogliare il personale dei vigili del fuoco e degli altri Enti coinvolti per la gestione dell&#8217;emergenza. In questa esercitazione ci sar\u00e0 anche la Protezione Civile di Marcianise. Uno dei nostri tanti orgogli. Lo spazio a noi riservato sar\u00e0 di circa 200 metri quadri. Dopo Caserta e Bacoli adesso tocca a noi di Marcianise ospitare un&#8217;esercitazione di tale portata. A guidare i lavori ci sar\u00e0 la nostra coordinatrice <b>Gaetana Raucci<\/b>. Naturalmente in questi 4 giorni gran parte del parcheggio del Campania sar\u00e0 inibito alle vetture degli avventori&#8221;. Cos\u00ec il consigliere comunale di Marcianise, <b>Giuseppe Golino<\/b>.<\/p>\n","protected":false},"excerpt":{"rendered":"<p>&nbsp; MARCIANISE &#8211; &#8220;Si terr\u00e0, da marted\u00ec 26 ottobre fino a venerd\u00ec 29, presso il parcheggio del Centro<\/p>\n","protected":false},"author":2,"featured_media":33087,"comment_status":"closed","ping_status":"closed","sticky":false,"template":"","format":"standard","meta":{"sfsi_plus_gutenberg_text_before_share":"","sfsi_plus_gutenberg_show_text_before_share":"","sfsi_plus_gutenberg_icon_type":"","sfsi_plus_gutenberg_icon_alignemt":"","sfsi_plus_gutenburg_max_per_row":"","footnotes":""},"categories":[9],"tags":[],"class_list":["post-33085","post","type-post","status-publish","format-standard","has-post-thumbnail","hentry","category-politica"],"_links":{"self":[{"href":"https:\/\/www.thereportzone.it\/index.php?rest_route=\/wp\/v2\/posts\/33085"}],"collection":[{"href":"https:\/\/www.thereportzone.it\/index.php?rest_route=\/wp\/v2\/posts"}],"about":[{"href":"https:\/\/www.thereportzone.it\/index.php?rest_route=\/wp\/v2\/types\/post"}],"author":[{"embeddable":true,"href":"https:\/\/www.thereportzone.it\/index.php?rest_route=\/wp\/v2\/users\/2"}],"replies":[{"embeddable":true,"href":"https:\/\/www.thereportzone.it\/index.php?rest_route=%2Fwp%2Fv2%2Fcomments&post=33085"}],"version-history":[{"count":0,"href":"https:\/\/www.thereportzone.it\/index.php?rest_route=\/wp\/v2\/posts\/33085\/revisions"}],"wp:featuredmedia":[{"embeddable":true,"href":"https:\/\/www.thereportzone.it\/index.php?rest_route=\/"}],"wp:attachment":[{"href":"https:\/\/www.thereportzone.it\/index.php?rest_route=%2Fwp%2Fv2%2Fmedia&parent=33085"}],"wp:term":[{"taxonomy":"category","embeddable":true,"href":"https:\/\/www.thereportzone.it\/index.php?rest_route=%2Fwp%2Fv2%2Fcategories&post=33085"},{"taxonomy":"post_tag","embeddable":true,"href":"https:\/\/www.thereportzone.it\/index.php?rest_route=%2Fwp%2Fv2%2Ftags&post=33085"}],"curies":[{"name":"wp","href":"https:\/\/api.w.org\/{rel}","templated":true}]}}